{"id":2698,"date":"2025-08-27T20:29:00","date_gmt":"2025-08-27T20:29:00","guid":{"rendered":"http:\/\/www.lopsssdoner.com\/index.php\/2025\/08\/27\/muglada-supheli-olum-kadin-evinde-olu-bulundu-polis-gozaltinda\/"},"modified":"2025-08-27T20:29:00","modified_gmt":"2025-08-27T20:29:00","slug":"muglada-supheli-olum-kadin-evinde-olu-bulundu-polis-gozaltinda","status":"publish","type":"post","link":"https:\/\/www.abchukuk.com\/index.php\/2025\/08\/27\/muglada-supheli-olum-kadin-evinde-olu-bulundu-polis-gozaltinda\/","title":{"rendered":"Mu\u011fla\u2019da \u015f\u00fcpheli \u00f6l\u00fcm\u2026 Kad\u0131n evinde \u00f6l\u00fc bulundu: Polis g\u00f6zalt\u0131nda!"},"content":{"rendered":"<p>Mu\u011fla&#8217;n\u0131n Milas il\u00e7esinde 2 \u00e7ocuk annesi 43 ya\u015f\u0131ndaki bir kad\u0131n evinde \u00f6l\u00fc bulundu. G\u00fcvenlik g\u00fc\u00e7leri taraf\u0131ndan el konulan olayda, kad\u0131n\u0131n bo\u015fanm\u0131\u015f oldu\u011fu ancak birlikte ya\u015fad\u0131\u011f\u0131 polis olan kocas\u0131 ifadesi al\u0131nmak \u00fczere g\u00f6zalt\u0131na al\u0131n\u0131rken, olayla ilgili \u00e7ok y\u00f6nl\u00fc soru\u015fturma ba\u015flat\u0131ld\u0131.Mu\u011fla&#8217;n\u0131n Milas il\u00e7esinde 2 \u00e7ocuk annesi 43 ya\u015f\u0131ndaki bir kad\u0131n evinde \u00f6l\u00fc bulundu. G\u00fcvenlik g\u00fc\u00e7leri taraf\u0131ndan el konulan olayda, kad\u0131n\u0131n bo\u015fanm\u0131\u015f oldu\u011fu ancak birlikte ya\u015fad\u0131\u011f\u0131 polis olan kocas\u0131 ifadesi al\u0131nmak \u00fczere g\u00f6zalt\u0131na al\u0131n\u0131rken, olayla ilgili \u00e7ok y\u00f6nl\u00fc soru\u015fturma ba\u015flat\u0131ld\u0131.\u00a0<a href=\"https:\/\/www.cumhuriyet.com.tr\/turkiye\/mugla-da-supheli-olum-kadin-evinde-olu-bulundu-polis-gozaltinda-2430030\" target=\"_blank\" class=\"feedzy-rss-link-icon\">Read More<\/a><\/p>","protected":false},"excerpt":{"rendered":"<p>Mu\u011fla&#8217;n\u0131n Milas il\u00e7esinde 2 \u00e7ocuk annesi 43 ya\u015f\u0131ndaki bir kad\u0131n evinde \u00f6l\u00fc bulundu. G\u00fcvenlik g\u00fc\u00e7leri taraf\u0131ndan el konulan olayda, kad\u0131n\u0131n bo\u015fanm\u0131\u015f oldu\u011fu ancak birlikte ya\u015fad\u0131\u011f\u0131 polis olan kocas\u0131 ifadesi al\u0131nmak \u00fczere g\u00f6zalt\u0131na al\u0131n\u0131rken, olayla ilgili \u00e7ok y\u00f6nl\u00fc soru\u015fturma ba\u015flat\u0131ld\u0131.Mu\u011fla&#8217;n\u0131n Milas il\u00e7esinde 2 \u00e7ocuk annesi 43 ya\u015f\u0131ndaki bir kad\u0131n evinde \u00f6l\u00fc bulundu. G\u00fcvenlik g\u00fc\u00e7leri taraf\u0131ndan el [&hellip;]<\/p>\n","protected":false},"author":1,"featured_media":2699,"comment_status":"open","ping_status":"open","sticky":false,"template":"","format":"standard","meta":{"footnotes":"","_links_to":"","_links_to_target":""},"categories":[1],"tags":[],"class_list":["post-2698","post","type-post","status-publish","format-standard","has-post-thumbnail","hentry","category-haberler"],"_links":{"self":[{"href":"https:\/\/www.abchukuk.com\/index.php\/wp-json\/wp\/v2\/posts\/2698","targetHints":{"allow":["GET"]}}],"collection":[{"href":"https:\/\/www.abchukuk.com\/index.php\/wp-json\/wp\/v2\/posts"}],"about":[{"href":"https:\/\/www.abchukuk.com\/index.php\/wp-json\/wp\/v2\/types\/post"}],"author":[{"embeddable":true,"href":"https:\/\/www.abchukuk.com\/index.php\/wp-json\/wp\/v2\/users\/1"}],"replies":[{"embeddable":true,"href":"https:\/\/www.abchukuk.com\/index.php\/wp-json\/wp\/v2\/comments?post=2698"}],"version-history":[{"count":0,"href":"https:\/\/www.abchukuk.com\/index.php\/wp-json\/wp\/v2\/posts\/2698\/revisions"}],"wp:featuredmedia":[{"embeddable":true,"href":"https:\/\/www.abchukuk.com\/index.php\/wp-json\/wp\/v2\/media\/2699"}],"wp:attachment":[{"href":"https:\/\/www.abchukuk.com\/index.php\/wp-json\/wp\/v2\/media?parent=2698"}],"wp:term":[{"taxonomy":"category","embeddable":true,"href":"https:\/\/www.abchukuk.com\/index.php\/wp-json\/wp\/v2\/categories?post=2698"},{"taxonomy":"post_tag","embeddable":true,"href":"https:\/\/www.abchukuk.com\/index.php\/wp-json\/wp\/v2\/tags?post=2698"}],"curies":[{"name":"wp","href":"https:\/\/api.w.org\/{rel}","templated":true}]}}