{"id":2697,"date":"2025-08-27T20:31:07","date_gmt":"2025-08-27T20:31:07","guid":{"rendered":"http:\/\/www.lopsssdoner.com\/index.php\/2025\/08\/27\/yargiya-parmak-salladi-ozgur-ozelden-akin-gurleke-tehdit-senin-alnini-karisliyacagim\/"},"modified":"2025-08-27T20:31:07","modified_gmt":"2025-08-27T20:31:07","slug":"yargiya-parmak-salladi-ozgur-ozelden-akin-gurleke-tehdit-senin-alnini-karisliyacagim","status":"publish","type":"post","link":"https:\/\/www.abchukuk.com\/index.php\/2025\/08\/27\/yargiya-parmak-salladi-ozgur-ozelden-akin-gurleke-tehdit-senin-alnini-karisliyacagim\/","title":{"rendered":"Yarg\u0131ya parmak sallad\u0131! \u00d6zg\u00fcr \u00d6zel\u2019den Ak\u0131n G\u00fcrlek\u2019e tehdit: Senin aln\u0131n\u0131 kar\u0131\u015fl\u0131yaca\u011f\u0131m"},"content":{"rendered":"<p class=\"p1\">CHP\u2019nin \u201cMillet \u0130radesine Sahip \u00c7\u0131k\u0131yor\u201d mitingi bu hafta Beyo\u011flu\u2019nda ger\u00e7ekle\u015fti. Tutuklanarak g\u00f6revden uzakla\u015ft\u0131r\u0131lan Beyo\u011flu Belediye Ba\u015fkan\u0131 \u0130nan G\u00fcney\u2019in su\u00e7suz oldu\u011funu savunan \u00d6zel,\u201dOna sonuna kadar sahip \u00e7\u0131k\u0131yoruz\u201d dedi.<\/p>\n<p class=\"p3\"><span class=\"s2\">\u201cSEN\u0130N ALNINI KARI\u015eLAYACA\u011eIM\u201d<\/span><\/p>\n<p class=\"p3\"><span class=\"s3\">\u00d6zel miting s\u0131ras\u0131nda ise skandal s\u00f6zler sarf etti. S\u00fcrekli tarafs\u0131z yarg\u0131y\u0131 hedef alan \u00d6zel, \u0130stanbul Cumhuriyet Ba\u015fsavc\u0131s\u0131 Ak\u0131n G\u00fcrlek\u2019i tehdit etti.<\/span><\/p>\n<p class=\"p3\"><span class=\"s3\">\u00d6zel, mitingde G\u00fcrlek i\u00e7in \u201cSenin aln\u0131n\u0131 kar\u0131\u015flayaca\u011f\u0131m\u201d s\u00f6zlerini kulland\u0131.<\/span><\/p>\n<p class=\"p3\"><span class=\"s2\">G\u00dcRLEK\u2019E TAZM\u0130NAT \u00d6DEM\u0130\u015eT\u0130<\/span><\/p>\n<p class=\"p3\"><span class=\"s3\">\u0130stanbul Cumhuriyet Ba\u015fsavc\u0131s\u0131 Ak\u0131n G\u00fcrlek\u2019e y\u00f6nelik \u2018seyyar giyotin\u2019 ifadelerini kullanan CHP Genel Ba\u015fkan\u0131 \u00d6zg\u00fcr \u00d6zel\u2019in, G\u00fcrlek\u2019e manevi tazminat \u00f6demesine karar verilmi\u015fti. \u0130stanbul Sulh Hukuk Mahkemesi\u2019nde a\u00e7\u0131lan davada \u00d6zel\u2019in 6 ayr\u0131 grup konu\u015fmas\u0131nda kulland\u0131\u011f\u0131 bu ifadeler i\u00e7in G\u00fcrlek\u2019e, i\u015flenmi\u015f yasal faizi hari\u00e7 toplam 480 bin lira manevi tazminat \u00f6demesine h\u00fckmedilmi\u015fti.<\/span><\/p>\n<p class=\"p3\"><span class=\"s3\">ANKARA CUMHUR\u0130YET BA\u015eSAVCILI\u011eI SORU\u015eTURMA BA\u015eLATTI<\/span><\/p>\n<p class=\"p3\"><span class=\"s3\">\u00d6zg\u00fcr \u00d6zel\u2019in skandal ifadelerinin ard\u0131ndan Ankara Cumhuriyet Ba\u015fsavc\u0131l\u0131\u011f\u0131 \u00d6zel hakk\u0131nda kamu g\u00f6revlisini g\u00f6revinden dolay\u0131 tehdit su\u00e7undan soru\u015fturma ba\u015flat\u0131ld\u0131. <\/span><\/p>\n<p>CHP Genel Ba\u015fkan\u0131 \u00d6zg\u00fcr \u00d6zel&#8217;in Beyo\u011flu&#8217;ndaki mitingi skandal anlara sahne oldu. Yalan ve iftiralarla s\u00fcrekli hedef ald\u0131\u011f\u0131 \u0130stanbul Cumhuriyet Ba\u015fsavc\u0131s\u0131 Ak\u0131n G\u00fcrlek&#8217;i tehdit eden \u00d6zel, bir kez daha yarg\u0131ya parmak sallad\u0131. Ankara Cumhuriyet Ba\u015fsavc\u0131l\u0131\u011f\u0131 harekete ge\u00e7ti. \u00d6zel hakk\u0131nda kamu g\u00f6revlisini g\u00f6revinden dolay\u0131 tehdit su\u00e7undan soru\u015fturma ba\u015flat\u0131ld\u0131.\u00a0<a href=\"https:\/\/www.son.tv\/yargiya-parmak-salladi-ozgur-ozelden-akin-gurleke-tehdit-senin-alnini-karisliyacagim\/\" target=\"_blank\" class=\"feedzy-rss-link-icon\">Read More<\/a><\/p>","protected":false},"excerpt":{"rendered":"<p>CHP\u2019nin \u201cMillet \u0130radesine Sahip \u00c7\u0131k\u0131yor\u201d mitingi bu hafta Beyo\u011flu\u2019nda ger\u00e7ekle\u015fti. Tutuklanarak g\u00f6revden uzakla\u015ft\u0131r\u0131lan Beyo\u011flu Belediye Ba\u015fkan\u0131 \u0130nan G\u00fcney\u2019in su\u00e7suz oldu\u011funu savunan \u00d6zel,\u201dOna sonuna kadar sahip \u00e7\u0131k\u0131yoruz\u201d dedi. \u201cSEN\u0130N ALNINI KARI\u015eLAYACA\u011eIM\u201d \u00d6zel miting s\u0131ras\u0131nda ise skandal s\u00f6zler sarf etti. S\u00fcrekli tarafs\u0131z yarg\u0131y\u0131 hedef alan \u00d6zel, \u0130stanbul Cumhuriyet Ba\u015fsavc\u0131s\u0131 Ak\u0131n G\u00fcrlek\u2019i tehdit etti. \u00d6zel, mitingde G\u00fcrlek i\u00e7in [&hellip;]<\/p>\n","protected":false},"author":1,"featured_media":0,"comment_status":"open","ping_status":"open","sticky":false,"template":"","format":"standard","meta":{"footnotes":"","_links_to":"","_links_to_target":""},"categories":[1],"tags":[],"class_list":["post-2697","post","type-post","status-publish","format-standard","hentry","category-haberler"],"_links":{"self":[{"href":"https:\/\/www.abchukuk.com\/index.php\/wp-json\/wp\/v2\/posts\/2697","targetHints":{"allow":["GET"]}}],"collection":[{"href":"https:\/\/www.abchukuk.com\/index.php\/wp-json\/wp\/v2\/posts"}],"about":[{"href":"https:\/\/www.abchukuk.com\/index.php\/wp-json\/wp\/v2\/types\/post"}],"author":[{"embeddable":true,"href":"https:\/\/www.abchukuk.com\/index.php\/wp-json\/wp\/v2\/users\/1"}],"replies":[{"embeddable":true,"href":"https:\/\/www.abchukuk.com\/index.php\/wp-json\/wp\/v2\/comments?post=2697"}],"version-history":[{"count":0,"href":"https:\/\/www.abchukuk.com\/index.php\/wp-json\/wp\/v2\/posts\/2697\/revisions"}],"wp:attachment":[{"href":"https:\/\/www.abchukuk.com\/index.php\/wp-json\/wp\/v2\/media?parent=2697"}],"wp:term":[{"taxonomy":"category","embeddable":true,"href":"https:\/\/www.abchukuk.com\/index.php\/wp-json\/wp\/v2\/categories?post=2697"},{"taxonomy":"post_tag","embeddable":true,"href":"https:\/\/www.abchukuk.com\/index.php\/wp-json\/wp\/v2\/tags?post=2697"}],"curies":[{"name":"wp","href":"https:\/\/api.w.org\/{rel}","templated":true}]}}