{"id":2680,"date":"2025-08-27T16:05:00","date_gmt":"2025-08-27T16:05:00","guid":{"rendered":"http:\/\/www.lopsssdoner.com\/index.php\/2025\/08\/27\/imamoglunun-avukati-nusret-yilmazin-ifadesi-ortaya-cikti\/"},"modified":"2025-08-27T16:05:00","modified_gmt":"2025-08-27T16:05:00","slug":"imamoglunun-avukati-nusret-yilmazin-ifadesi-ortaya-cikti","status":"publish","type":"post","link":"https:\/\/www.abchukuk.com\/index.php\/2025\/08\/27\/imamoglunun-avukati-nusret-yilmazin-ifadesi-ortaya-cikti\/","title":{"rendered":"\u0130mamo\u011flu\u2019nun avukat\u0131 Nusret Y\u0131lmaz\u2019\u0131n ifadesi ortaya \u00e7\u0131kt\u0131!"},"content":{"rendered":"<p>19 Mart operasyonuyla tutuklanan CHP&#8217;nin Cumhurba\u015fkan\u0131 aday\u0131, \u0130BB Ba\u015fkan\u0131 Ekrem \u0130mamo\u011flu ve e\u015fi Dr. Dilek Kaya \u0130mamo\u011flu\u2019nun avukatlar\u0131ndan Nusret Y\u0131lmaz, imza ve yurt d\u0131\u015f\u0131na \u00e7\u0131k\u0131\u015f yasa\u011f\u0131 \u015feklinde adli kontrol tedbiri uygulanarak serbest b\u0131rak\u0131ld\u0131. Y\u0131lmaz\u2019\u0131n savc\u0131l\u0131k ifadesi ortaya \u00e7\u0131kt\u0131.19 Mart operasyonuyla tutuklanan CHP&#8217;nin Cumhurba\u015fkan\u0131 aday\u0131, \u0130BB Ba\u015fkan\u0131 Ekrem \u0130mamo\u011flu ve e\u015fi Dr. Dilek Kaya \u0130mamo\u011flu\u2019nun avukatlar\u0131ndan Nusret Y\u0131lmaz, imza ve yurt d\u0131\u015f\u0131na \u00e7\u0131k\u0131\u015f yasa\u011f\u0131 \u015feklinde adli kontrol tedbiri uygulanarak serbest b\u0131rak\u0131ld\u0131. Y\u0131lmaz\u2019\u0131n savc\u0131l\u0131k ifadesi ortaya \u00e7\u0131kt\u0131.\u00a0<a href=\"https:\/\/www.cumhuriyet.com.tr\/turkiye\/imamoglu-nun-avukati-nusret-yilmaz-in-ifadesi-ortaya-cikti-2429986\" target=\"_blank\" class=\"feedzy-rss-link-icon\">Read More<\/a><\/p>","protected":false},"excerpt":{"rendered":"<p>19 Mart operasyonuyla tutuklanan CHP&#8217;nin Cumhurba\u015fkan\u0131 aday\u0131, \u0130BB Ba\u015fkan\u0131 Ekrem \u0130mamo\u011flu ve e\u015fi Dr. Dilek Kaya \u0130mamo\u011flu\u2019nun avukatlar\u0131ndan Nusret Y\u0131lmaz, imza ve yurt d\u0131\u015f\u0131na \u00e7\u0131k\u0131\u015f yasa\u011f\u0131 \u015feklinde adli kontrol tedbiri uygulanarak serbest b\u0131rak\u0131ld\u0131. Y\u0131lmaz\u2019\u0131n savc\u0131l\u0131k ifadesi ortaya \u00e7\u0131kt\u0131.19 Mart operasyonuyla tutuklanan CHP&#8217;nin Cumhurba\u015fkan\u0131 aday\u0131, \u0130BB Ba\u015fkan\u0131 Ekrem \u0130mamo\u011flu ve e\u015fi Dr. Dilek Kaya \u0130mamo\u011flu\u2019nun avukatlar\u0131ndan [&hellip;]<\/p>\n","protected":false},"author":1,"featured_media":2681,"comment_status":"open","ping_status":"open","sticky":false,"template":"","format":"standard","meta":{"footnotes":"","_links_to":"","_links_to_target":""},"categories":[1],"tags":[],"class_list":["post-2680","post","type-post","status-publish","format-standard","has-post-thumbnail","hentry","category-haberler"],"_links":{"self":[{"href":"https:\/\/www.abchukuk.com\/index.php\/wp-json\/wp\/v2\/posts\/2680","targetHints":{"allow":["GET"]}}],"collection":[{"href":"https:\/\/www.abchukuk.com\/index.php\/wp-json\/wp\/v2\/posts"}],"about":[{"href":"https:\/\/www.abchukuk.com\/index.php\/wp-json\/wp\/v2\/types\/post"}],"author":[{"embeddable":true,"href":"https:\/\/www.abchukuk.com\/index.php\/wp-json\/wp\/v2\/users\/1"}],"replies":[{"embeddable":true,"href":"https:\/\/www.abchukuk.com\/index.php\/wp-json\/wp\/v2\/comments?post=2680"}],"version-history":[{"count":0,"href":"https:\/\/www.abchukuk.com\/index.php\/wp-json\/wp\/v2\/posts\/2680\/revisions"}],"wp:featuredmedia":[{"embeddable":true,"href":"https:\/\/www.abchukuk.com\/index.php\/wp-json\/wp\/v2\/media\/2681"}],"wp:attachment":[{"href":"https:\/\/www.abchukuk.com\/index.php\/wp-json\/wp\/v2\/media?parent=2680"}],"wp:term":[{"taxonomy":"category","embeddable":true,"href":"https:\/\/www.abchukuk.com\/index.php\/wp-json\/wp\/v2\/categories?post=2680"},{"taxonomy":"post_tag","embeddable":true,"href":"https:\/\/www.abchukuk.com\/index.php\/wp-json\/wp\/v2\/tags?post=2680"}],"curies":[{"name":"wp","href":"https:\/\/api.w.org\/{rel}","templated":true}]}}