{"id":2679,"date":"2025-08-27T16:09:05","date_gmt":"2025-08-27T16:09:05","guid":{"rendered":"http:\/\/www.lopsssdoner.com\/index.php\/2025\/08\/27\/ibb-yetkilisi-cezaevinde-kalp-krizi-gecirdi-ailesine-3-gun-sonra-haber-verildi\/"},"modified":"2025-08-27T16:09:05","modified_gmt":"2025-08-27T16:09:05","slug":"ibb-yetkilisi-cezaevinde-kalp-krizi-gecirdi-ailesine-3-gun-sonra-haber-verildi","status":"publish","type":"post","link":"https:\/\/www.abchukuk.com\/index.php\/2025\/08\/27\/ibb-yetkilisi-cezaevinde-kalp-krizi-gecirdi-ailesine-3-gun-sonra-haber-verildi\/","title":{"rendered":"\u0130BB yetkilisi cezaevinde kalp krizi ge\u00e7irdi ailesine 3 g\u00fcn sonra haber verildi"},"content":{"rendered":"<p>Mustafa Ho\u015f&#8217;la Yol Arkada\u015f\u0131&#8217;n\u0131n bug\u00fcnk\u00fc konuklar\u0131 H\u00fclya \u00d6zdemir, CHP Genel Ba\u015fkan Yard\u0131mc\u0131s\u0131 \u00d6zg\u00fcr Karabat ve CHP \u00c7ukurova \u0130l\u00e7e Gen\u00e7lik Kollar\u0131 Ba\u015fkan\u0131 Yusuf T\u00fcrke\u015f anlatt\u0131 oldu.Mustafa Ho\u015f&#8217;la Yol Arkada\u015f\u0131&#8217;n\u0131n bug\u00fcnk\u00fc konuklar\u0131 H\u00fclya \u00d6zdemir, CHP Genel Ba\u015fkan Yard\u0131mc\u0131s\u0131 \u00d6zg\u00fcr Karabat ve CHP \u00c7ukurova \u0130l\u00e7e Gen\u00e7lik Kollar\u0131 Ba\u015fkan\u0131 Yusuf T\u00fcrke\u015f anlatt\u0131 oldu.\u00a0<a href=\"https:\/\/anlatilaninotesi.com.tr\/20250827\/ibb-yetkilisi-cezaevinde-kalp-krizi-gecirdi-ailesine-3-gun-sonra-haber-verildi-1098877691.html\" target=\"_blank\" class=\"feedzy-rss-link-icon\">Read More<\/a><\/p>","protected":false},"excerpt":{"rendered":"<p>Mustafa Ho\u015f&#8217;la Yol Arkada\u015f\u0131&#8217;n\u0131n bug\u00fcnk\u00fc konuklar\u0131 H\u00fclya \u00d6zdemir, CHP Genel Ba\u015fkan Yard\u0131mc\u0131s\u0131 \u00d6zg\u00fcr Karabat ve CHP \u00c7ukurova \u0130l\u00e7e Gen\u00e7lik Kollar\u0131 Ba\u015fkan\u0131 Yusuf T\u00fcrke\u015f anlatt\u0131 oldu.Mustafa Ho\u015f&#8217;la Yol Arkada\u015f\u0131&#8217;n\u0131n bug\u00fcnk\u00fc konuklar\u0131 H\u00fclya \u00d6zdemir, CHP Genel Ba\u015fkan Yard\u0131mc\u0131s\u0131 \u00d6zg\u00fcr Karabat ve CHP \u00c7ukurova \u0130l\u00e7e Gen\u00e7lik Kollar\u0131 Ba\u015fkan\u0131 Yusuf T\u00fcrke\u015f anlatt\u0131 oldu.\u00a0Read More<\/p>\n","protected":false},"author":1,"featured_media":0,"comment_status":"open","ping_status":"open","sticky":false,"template":"","format":"standard","meta":{"footnotes":"","_links_to":"","_links_to_target":""},"categories":[1],"tags":[],"class_list":["post-2679","post","type-post","status-publish","format-standard","hentry","category-haberler"],"_links":{"self":[{"href":"https:\/\/www.abchukuk.com\/index.php\/wp-json\/wp\/v2\/posts\/2679","targetHints":{"allow":["GET"]}}],"collection":[{"href":"https:\/\/www.abchukuk.com\/index.php\/wp-json\/wp\/v2\/posts"}],"about":[{"href":"https:\/\/www.abchukuk.com\/index.php\/wp-json\/wp\/v2\/types\/post"}],"author":[{"embeddable":true,"href":"https:\/\/www.abchukuk.com\/index.php\/wp-json\/wp\/v2\/users\/1"}],"replies":[{"embeddable":true,"href":"https:\/\/www.abchukuk.com\/index.php\/wp-json\/wp\/v2\/comments?post=2679"}],"version-history":[{"count":0,"href":"https:\/\/www.abchukuk.com\/index.php\/wp-json\/wp\/v2\/posts\/2679\/revisions"}],"wp:attachment":[{"href":"https:\/\/www.abchukuk.com\/index.php\/wp-json\/wp\/v2\/media?parent=2679"}],"wp:term":[{"taxonomy":"category","embeddable":true,"href":"https:\/\/www.abchukuk.com\/index.php\/wp-json\/wp\/v2\/categories?post=2679"},{"taxonomy":"post_tag","embeddable":true,"href":"https:\/\/www.abchukuk.com\/index.php\/wp-json\/wp\/v2\/tags?post=2679"}],"curies":[{"name":"wp","href":"https:\/\/api.w.org\/{rel}","templated":true}]}}