{"id":2613,"date":"2025-08-27T15:01:00","date_gmt":"2025-08-27T15:01:00","guid":{"rendered":"http:\/\/www.lopsssdoner.com\/index.php\/2025\/08\/27\/hakan-cakirin-avukati-isyan-etti-maalesef-indirim-alacaklar\/"},"modified":"2025-08-27T15:01:00","modified_gmt":"2025-08-27T15:01:00","slug":"hakan-cakirin-avukati-isyan-etti-maalesef-indirim-alacaklar","status":"publish","type":"post","link":"https:\/\/www.abchukuk.com\/index.php\/2025\/08\/27\/hakan-cakirin-avukati-isyan-etti-maalesef-indirim-alacaklar\/","title":{"rendered":"Hakan \u00c7ak\u0131r&#8217;\u0131n Avukat\u0131 \u0130syan Etti&#8217; &#8216;Maalesef \u0130ndirim Alacaklar&#8217;"},"content":{"rendered":"<p><a href=\"https:\/\/www.gercekgundem.com\/guncel\/hakan-cakirin-avukati-isyan-etti-maalesef-indirim-alacaklar-552994\"><br \/>\n                                                            <img decoding=\"async\" src=\"https:\/\/i.gercekgundem.com\/2\/150\/84\/storage\/files\/images\/2025\/08\/27\/hakan-cakirin-avukati-isyan-etti-maalesef-indirim-alacaklar-083a.jpg\" width=\"150\" height=\"84\" border=\"0\" align=\"right\" \/><br \/>\n                                                    <\/a><\/p>\n<h4>Hakan \u00c7ak\u0131r ailesinin avukat\u0131 Umur Y\u0131ld\u0131r\u0131m, cinayetin geli\u015fimi, adli s\u00fcre\u00e7 ve hukuki de\u011ferlendirmelere dair a\u00e7\u0131klamalarda bulundu. Y\u0131ld\u0131r\u0131m, ceza d\u00fczenlemesine isyan etti.<\/h4>\n<p>Hakan \u00c7ak\u0131r ailesinin avukat\u0131 Umur Y\u0131ld\u0131r\u0131m, cinayetin geli\u015fimi, adli s\u00fcre\u00e7 ve hukuki de\u011ferlendirmelere dair a\u00e7\u0131klamalarda bulundu. Y\u0131ld\u0131r\u0131m, ceza d\u00fczenlemesine isyan etti.\u00a0<a href=\"https:\/\/www.gercekgundem.com\/guncel\/hakan-cakirin-avukati-isyan-etti-maalesef-indirim-alacaklar-552994\" target=\"_blank\" class=\"feedzy-rss-link-icon\">Read More<\/a><\/p>","protected":false},"excerpt":{"rendered":"<p>Hakan \u00c7ak\u0131r ailesinin avukat\u0131 Umur Y\u0131ld\u0131r\u0131m, cinayetin geli\u015fimi, adli s\u00fcre\u00e7 ve hukuki de\u011ferlendirmelere dair a\u00e7\u0131klamalarda bulundu. Y\u0131ld\u0131r\u0131m, ceza d\u00fczenlemesine isyan etti. Hakan \u00c7ak\u0131r ailesinin avukat\u0131 Umur Y\u0131ld\u0131r\u0131m, cinayetin geli\u015fimi, adli s\u00fcre\u00e7 ve hukuki de\u011ferlendirmelere dair a\u00e7\u0131klamalarda bulundu. Y\u0131ld\u0131r\u0131m, ceza d\u00fczenlemesine isyan etti.\u00a0Read More<\/p>\n","protected":false},"author":1,"featured_media":2614,"comment_status":"open","ping_status":"open","sticky":false,"template":"","format":"standard","meta":{"footnotes":"","_links_to":"","_links_to_target":""},"categories":[1],"tags":[],"class_list":["post-2613","post","type-post","status-publish","format-standard","has-post-thumbnail","hentry","category-haberler"],"_links":{"self":[{"href":"https:\/\/www.abchukuk.com\/index.php\/wp-json\/wp\/v2\/posts\/2613","targetHints":{"allow":["GET"]}}],"collection":[{"href":"https:\/\/www.abchukuk.com\/index.php\/wp-json\/wp\/v2\/posts"}],"about":[{"href":"https:\/\/www.abchukuk.com\/index.php\/wp-json\/wp\/v2\/types\/post"}],"author":[{"embeddable":true,"href":"https:\/\/www.abchukuk.com\/index.php\/wp-json\/wp\/v2\/users\/1"}],"replies":[{"embeddable":true,"href":"https:\/\/www.abchukuk.com\/index.php\/wp-json\/wp\/v2\/comments?post=2613"}],"version-history":[{"count":0,"href":"https:\/\/www.abchukuk.com\/index.php\/wp-json\/wp\/v2\/posts\/2613\/revisions"}],"wp:featuredmedia":[{"embeddable":true,"href":"https:\/\/www.abchukuk.com\/index.php\/wp-json\/wp\/v2\/media\/2614"}],"wp:attachment":[{"href":"https:\/\/www.abchukuk.com\/index.php\/wp-json\/wp\/v2\/media?parent=2613"}],"wp:term":[{"taxonomy":"category","embeddable":true,"href":"https:\/\/www.abchukuk.com\/index.php\/wp-json\/wp\/v2\/categories?post=2613"},{"taxonomy":"post_tag","embeddable":true,"href":"https:\/\/www.abchukuk.com\/index.php\/wp-json\/wp\/v2\/tags?post=2613"}],"curies":[{"name":"wp","href":"https:\/\/api.w.org\/{rel}","templated":true}]}}