{"id":26118,"date":"2026-04-14T13:07:00","date_gmt":"2026-04-14T13:07:00","guid":{"rendered":"https:\/\/www.abchukuk.com\/index.php\/2026\/04\/14\/israil-baskonsoloslugu-onundeki-silahli-saldirida-yeni-gelisme-tutuklu-sayisi-artiyor\/"},"modified":"2026-04-14T13:07:00","modified_gmt":"2026-04-14T13:07:00","slug":"israil-baskonsoloslugu-onundeki-silahli-saldirida-yeni-gelisme-tutuklu-sayisi-artiyor","status":"publish","type":"post","link":"https:\/\/www.abchukuk.com\/index.php\/2026\/04\/14\/israil-baskonsoloslugu-onundeki-silahli-saldirida-yeni-gelisme-tutuklu-sayisi-artiyor\/","title":{"rendered":"\u0130srail Ba\u015fkonsoloslu\u011fu \u00f6n\u00fcndeki silahl\u0131 sald\u0131r\u0131da yeni geli\u015fme: Tutuklu say\u0131s\u0131 art\u0131yor!"},"content":{"rendered":"<p>\u0130stanbul&#8217;un Be\u015fikta\u015f il\u00e7esinde \u0130srail Konsoloslu\u011fu&#8217;nun bulundu\u011fu polis noktas\u0131na y\u00f6nelik ger\u00e7ekle\u015ftirilen ter\u00f6r sald\u0131r\u0131s\u0131na ili\u015fkin y\u00fcr\u00fct\u00fclen soru\u015fturma kapsam\u0131nda g\u00f6zalt\u0131na al\u0131nan 1 \u015f\u00fcpheli daha tutukland\u0131. 18 \u015f\u00fcphelinin g\u00f6zalt\u0131nda al\u0131nd\u0131\u011f\u0131 soru\u015fturmada tutuklananlar\u0131n say\u0131s\u0131 13 oldu.\u0130stanbul&#8217;un Be\u015fikta\u015f il\u00e7esinde \u0130srail Konsoloslu\u011fu&#8217;nun bulundu\u011fu polis noktas\u0131na y\u00f6nelik ger\u00e7ekle\u015ftirilen ter\u00f6r sald\u0131r\u0131s\u0131na ili\u015fkin y\u00fcr\u00fct\u00fclen soru\u015fturma kapsam\u0131nda g\u00f6zalt\u0131na al\u0131nan 1 \u015f\u00fcpheli daha tutukland\u0131. 18 \u015f\u00fcphelinin g\u00f6zalt\u0131nda al\u0131nd\u0131\u011f\u0131 soru\u015fturmada tutuklananlar\u0131n say\u0131s\u0131 13 oldu.\u00a0<a href=\"https:\/\/www.cumhuriyet.com.tr\/turkiye\/israil-baskonsoloslugu-onundeki-silahli-saldirida-yeni-gelisme-tutuklu-sayisi-artiyor-2495150\" target=\"_blank\" class=\"feedzy-rss-link-icon\">Read More<\/a><\/p>","protected":false},"excerpt":{"rendered":"<p>\u0130stanbul&#8217;un Be\u015fikta\u015f il\u00e7esinde \u0130srail Konsoloslu\u011fu&#8217;nun bulundu\u011fu polis noktas\u0131na y\u00f6nelik ger\u00e7ekle\u015ftirilen ter\u00f6r sald\u0131r\u0131s\u0131na ili\u015fkin y\u00fcr\u00fct\u00fclen soru\u015fturma kapsam\u0131nda g\u00f6zalt\u0131na al\u0131nan 1 \u015f\u00fcpheli daha tutukland\u0131. 18 \u015f\u00fcphelinin g\u00f6zalt\u0131nda al\u0131nd\u0131\u011f\u0131 soru\u015fturmada tutuklananlar\u0131n say\u0131s\u0131 13 oldu.\u0130stanbul&#8217;un Be\u015fikta\u015f il\u00e7esinde \u0130srail Konsoloslu\u011fu&#8217;nun bulundu\u011fu polis noktas\u0131na y\u00f6nelik ger\u00e7ekle\u015ftirilen ter\u00f6r sald\u0131r\u0131s\u0131na ili\u015fkin y\u00fcr\u00fct\u00fclen soru\u015fturma kapsam\u0131nda g\u00f6zalt\u0131na al\u0131nan 1 \u015f\u00fcpheli daha tutukland\u0131. 18 \u015f\u00fcphelinin g\u00f6zalt\u0131nda [&hellip;]<\/p>\n","protected":false},"author":1,"featured_media":26119,"comment_status":"open","ping_status":"open","sticky":false,"template":"","format":"standard","meta":{"footnotes":"","_links_to":"","_links_to_target":""},"categories":[1],"tags":[],"class_list":["post-26118","post","type-post","status-publish","format-standard","has-post-thumbnail","hentry","category-haberler"],"_links":{"self":[{"href":"https:\/\/www.abchukuk.com\/index.php\/wp-json\/wp\/v2\/posts\/26118","targetHints":{"allow":["GET"]}}],"collection":[{"href":"https:\/\/www.abchukuk.com\/index.php\/wp-json\/wp\/v2\/posts"}],"about":[{"href":"https:\/\/www.abchukuk.com\/index.php\/wp-json\/wp\/v2\/types\/post"}],"author":[{"embeddable":true,"href":"https:\/\/www.abchukuk.com\/index.php\/wp-json\/wp\/v2\/users\/1"}],"replies":[{"embeddable":true,"href":"https:\/\/www.abchukuk.com\/index.php\/wp-json\/wp\/v2\/comments?post=26118"}],"version-history":[{"count":0,"href":"https:\/\/www.abchukuk.com\/index.php\/wp-json\/wp\/v2\/posts\/26118\/revisions"}],"wp:featuredmedia":[{"embeddable":true,"href":"https:\/\/www.abchukuk.com\/index.php\/wp-json\/wp\/v2\/media\/26119"}],"wp:attachment":[{"href":"https:\/\/www.abchukuk.com\/index.php\/wp-json\/wp\/v2\/media?parent=26118"}],"wp:term":[{"taxonomy":"category","embeddable":true,"href":"https:\/\/www.abchukuk.com\/index.php\/wp-json\/wp\/v2\/categories?post=26118"},{"taxonomy":"post_tag","embeddable":true,"href":"https:\/\/www.abchukuk.com\/index.php\/wp-json\/wp\/v2\/tags?post=26118"}],"curies":[{"name":"wp","href":"https:\/\/api.w.org\/{rel}","templated":true}]}}