{"id":25865,"date":"2026-04-11T06:17:03","date_gmt":"2026-04-11T06:17:03","guid":{"rendered":"https:\/\/www.abchukuk.com\/index.php\/2026\/04\/11\/bolu-belediyesinde-4-tutuklama\/"},"modified":"2026-04-11T06:17:03","modified_gmt":"2026-04-11T06:17:03","slug":"bolu-belediyesinde-4-tutuklama","status":"publish","type":"post","link":"https:\/\/www.abchukuk.com\/index.php\/2026\/04\/11\/bolu-belediyesinde-4-tutuklama\/","title":{"rendered":"Bolu Belediyesi&#8217;nde 4 tutuklama"},"content":{"rendered":"<p>Bolu Cumhuriyet Ba\u015fsavc\u0131l\u0131\u011f\u0131\u2019n\u0131n y\u00fcr\u00fctt\u00fc\u011f\u00fc \u2018Nitelikli doland\u0131r\u0131c\u0131l\u0131k\u2019 soru\u015fturmas\u0131 kapsam\u0131nda g\u00f6zalt\u0131na al\u0131nan Belediye Ba\u015fkan Yard\u0131mc\u0131s\u0131 Leyla Beykoz ile CHP\u2019li Belediye Meclis \u00dcyesi Aydan \u00d6zdemir tutuklanarak cezaevine g\u00f6nderildiBolu Cumhuriyet Ba\u015fsavc\u0131l\u0131\u011f\u0131\u2019n\u0131n y\u00fcr\u00fctt\u00fc\u011f\u00fc \u2018Nitelikli doland\u0131r\u0131c\u0131l\u0131k\u2019 soru\u015fturmas\u0131 kapsam\u0131nda g\u00f6zalt\u0131na al\u0131nan Belediye Ba\u015fkan Yard\u0131mc\u0131s\u0131 Leyla Beykoz ile CHP\u2019li Belediye Meclis \u00dcyesi Aydan \u00d6zdemir tutuklanarak cezaevine g\u00f6nderildi\u00a0<a href=\"https:\/\/www.haberturk.com\/son-dakika-bolu-belediyesi-nde-4-tutuklama-bolu-haberleri-3876497\" target=\"_blank\" class=\"feedzy-rss-link-icon\">Read More<\/a><\/p>","protected":false},"excerpt":{"rendered":"<p>Bolu Cumhuriyet Ba\u015fsavc\u0131l\u0131\u011f\u0131\u2019n\u0131n y\u00fcr\u00fctt\u00fc\u011f\u00fc \u2018Nitelikli doland\u0131r\u0131c\u0131l\u0131k\u2019 soru\u015fturmas\u0131 kapsam\u0131nda g\u00f6zalt\u0131na al\u0131nan Belediye Ba\u015fkan Yard\u0131mc\u0131s\u0131 Leyla Beykoz ile CHP\u2019li Belediye Meclis \u00dcyesi Aydan \u00d6zdemir tutuklanarak cezaevine g\u00f6nderildiBolu Cumhuriyet Ba\u015fsavc\u0131l\u0131\u011f\u0131\u2019n\u0131n y\u00fcr\u00fctt\u00fc\u011f\u00fc \u2018Nitelikli doland\u0131r\u0131c\u0131l\u0131k\u2019 soru\u015fturmas\u0131 kapsam\u0131nda g\u00f6zalt\u0131na al\u0131nan Belediye Ba\u015fkan Yard\u0131mc\u0131s\u0131 Leyla Beykoz ile CHP\u2019li Belediye Meclis \u00dcyesi Aydan \u00d6zdemir tutuklanarak cezaevine g\u00f6nderildi\u00a0Read More<\/p>\n","protected":false},"author":1,"featured_media":0,"comment_status":"open","ping_status":"open","sticky":false,"template":"","format":"standard","meta":{"footnotes":"","_links_to":"","_links_to_target":""},"categories":[1],"tags":[],"class_list":["post-25865","post","type-post","status-publish","format-standard","hentry","category-haberler"],"_links":{"self":[{"href":"https:\/\/www.abchukuk.com\/index.php\/wp-json\/wp\/v2\/posts\/25865","targetHints":{"allow":["GET"]}}],"collection":[{"href":"https:\/\/www.abchukuk.com\/index.php\/wp-json\/wp\/v2\/posts"}],"about":[{"href":"https:\/\/www.abchukuk.com\/index.php\/wp-json\/wp\/v2\/types\/post"}],"author":[{"embeddable":true,"href":"https:\/\/www.abchukuk.com\/index.php\/wp-json\/wp\/v2\/users\/1"}],"replies":[{"embeddable":true,"href":"https:\/\/www.abchukuk.com\/index.php\/wp-json\/wp\/v2\/comments?post=25865"}],"version-history":[{"count":0,"href":"https:\/\/www.abchukuk.com\/index.php\/wp-json\/wp\/v2\/posts\/25865\/revisions"}],"wp:attachment":[{"href":"https:\/\/www.abchukuk.com\/index.php\/wp-json\/wp\/v2\/media?parent=25865"}],"wp:term":[{"taxonomy":"category","embeddable":true,"href":"https:\/\/www.abchukuk.com\/index.php\/wp-json\/wp\/v2\/categories?post=25865"},{"taxonomy":"post_tag","embeddable":true,"href":"https:\/\/www.abchukuk.com\/index.php\/wp-json\/wp\/v2\/tags?post=25865"}],"curies":[{"name":"wp","href":"https:\/\/api.w.org\/{rel}","templated":true}]}}