{"id":25863,"date":"2026-04-11T08:26:07","date_gmt":"2026-04-11T08:26:07","guid":{"rendered":"https:\/\/www.abchukuk.com\/index.php\/2026\/04\/11\/gelir-adaletsizliginin-ucuruma-donustugu-bu-cagda-insanlik-ne-durumda\/"},"modified":"2026-04-11T08:26:07","modified_gmt":"2026-04-11T08:26:07","slug":"gelir-adaletsizliginin-ucuruma-donustugu-bu-cagda-insanlik-ne-durumda","status":"publish","type":"post","link":"https:\/\/www.abchukuk.com\/index.php\/2026\/04\/11\/gelir-adaletsizliginin-ucuruma-donustugu-bu-cagda-insanlik-ne-durumda\/","title":{"rendered":"Gelir adaletsizli\u011finin u\u00e7uruma d\u00f6n\u00fc\u015ft\u00fc\u011f\u00fc bu \u00e7a\u011fda insanl\u0131k ne durumda?"},"content":{"rendered":"<p>D\u00fcnya, bitmeyen sava\u015flar\u0131n i\u00e7inde gelece\u011fe daha umutla bakabilece\u011fi g\u00fcnleri ar\u0131yor. K\u00fcresel adaletsizliklerin artt\u0131\u011f\u0131, milyonlarca insan\u0131n temel ihtiya\u00e7lar\u0131n\u0131 kar\u015f\u0131lamada zorland\u0131\u011f\u0131, gelir adaletsizli\u011finin u\u00e7uruma d\u00f6n\u00fc\u015ft\u00fc\u011f\u00fc bu \u00e7a\u011fda insanl\u0131k ne durumda? Prof. Dr. Fikret Adaman, D\u00fcnya Bankas\u0131 verilerini analiz ederek insanl\u0131\u011f\u0131n 2026 y\u0131l\u0131nda bulundu\u011fu \u015fartlar\u0131n bir tablosunu Habert\u00fcrk izleyicileri i\u00e7in \u00e7\u0131kard\u0131. D\u00fcnyan\u0131n en zengin y\u00fczdelik diliminin geri kalan zenginliklerden ald\u0131\u011f\u0131 pay, yaratt\u0131\u011f\u0131 karbon ayak izi, \u00fclkeler aras\u0131 e\u011fitim, sa\u011fl\u0131k, i\u015f\u00e7i haklar\u0131, kad\u0131n haklar\u0131 ve bir\u00e7ok farkl\u0131 parametrenin analizi ve t\u00fcm bu tablonun ard\u0131ndan \u00e7\u00f6z\u00fcm aray\u0131\u015flar\u0131n\u0131; Haberturk.com D\u0131\u015f Haberler Edit\u00f6r\u00fc Emin Arslan ile ele ald\u0131.<div style=\"width: 640px;\" class=\"wp-video\"><video class=\"wp-video-shortcode\" id=\"video-25863-1\" width=\"640\" height=\"360\" preload=\"metadata\" controls=\"controls\"><source type=\"video\/youtube\" src=\"https:\/\/www.youtube.com\/watch?v=Pyq82RoFQAg&#038;_=1\" \/><a href=\"https:\/\/www.youtube.com\/watch?v=Pyq82RoFQAg\">https:\/\/www.youtube.com\/watch?v=Pyq82RoFQAg<\/a><\/video><\/div><iframe title=\"Gelir adaletsizli\u011finin u\u00e7uruma d\u00f6n\u00fc\u015ft\u00fc\u011f\u00fc bu \u00e7a\u011fda insanl\u0131k ne durumda? \u00c7\u00f6z\u00fcm ne?\" width=\"640\" height=\"360\" src=\"https:\/\/www.youtube.com\/embed\/Pyq82RoFQAg?feature=oembed\" frameborder=\"0\" allow=\"accelerometer; autoplay; clipboard-write; encrypted-media; gyroscope; picture-in-picture; web-share\" referrerpolicy=\"strict-origin-when-cross-origin\" allowfullscreen><\/iframe>D\u00fcnya, bitmeyen sava\u015flar\u0131n i\u00e7inde gelece\u011fe daha umutla bakabilece\u011fi g\u00fcnleri ar\u0131yor. K\u00fcresel adaletsizliklerin artt\u0131\u011f\u0131, milyonlarca insan\u0131n temel ihtiya\u00e7lar\u0131n\u0131 kar\u015f\u0131lamada zorland\u0131\u011f\u0131, gelir adaletsizli\u011finin u\u00e7uruma d\u00f6n\u00fc\u015ft\u00fc\u011f\u00fc bu \u00e7a\u011fda insanl\u0131k ne durumda? Prof. Dr. Fikret Adaman, D\u00fcnya Bankas\u0131 verilerini analiz ederek insanl\u0131\u011f\u0131n 2026 y\u0131l\u0131nda bulundu\u011fu \u015fartlar\u0131n bir tablosunu Habert\u00fcrk izleyicileri i\u00e7in \u00e7\u0131kard\u0131. D\u00fcnyan\u0131n en zengin y\u00fczdelik diliminin geri kalan zenginliklerden ald\u0131\u011f\u0131 pay, yaratt\u0131\u011f\u0131 karbon ayak izi, \u00fclkeler aras\u0131 e\u011fitim, sa\u011fl\u0131k, i\u015f\u00e7i haklar\u0131, kad\u0131n haklar\u0131 ve bir\u00e7ok farkl\u0131 parametrenin analizi ve t\u00fcm bu tablonun ard\u0131ndan \u00e7\u00f6z\u00fcm aray\u0131\u015flar\u0131n\u0131; Haberturk.com D\u0131\u015f Haberler Edit\u00f6r\u00fc Emin Arslan ile ele ald\u0131.\u00a0<a href=\"https:\/\/www.youtube.com\/watch?v=Pyq82RoFQAg\" target=\"_blank\" class=\"feedzy-rss-link-icon\">Read More<\/a><\/p>","protected":false},"excerpt":{"rendered":"<p>D\u00fcnya, bitmeyen sava\u015flar\u0131n i\u00e7inde gelece\u011fe daha umutla bakabilece\u011fi g\u00fcnleri ar\u0131yor. K\u00fcresel adaletsizliklerin artt\u0131\u011f\u0131, milyonlarca insan\u0131n temel ihtiya\u00e7lar\u0131n\u0131 kar\u015f\u0131lamada zorland\u0131\u011f\u0131, gelir adaletsizli\u011finin u\u00e7uruma d\u00f6n\u00fc\u015ft\u00fc\u011f\u00fc bu \u00e7a\u011fda insanl\u0131k ne durumda? Prof. Dr. Fikret Adaman, D\u00fcnya Bankas\u0131 verilerini analiz ederek insanl\u0131\u011f\u0131n 2026 y\u0131l\u0131nda bulundu\u011fu \u015fartlar\u0131n bir tablosunu Habert\u00fcrk izleyicileri i\u00e7in \u00e7\u0131kard\u0131. D\u00fcnyan\u0131n en zengin y\u00fczdelik diliminin geri kalan [&hellip;]<\/p>\n","protected":false},"author":1,"featured_media":0,"comment_status":"open","ping_status":"open","sticky":false,"template":"","format":"standard","meta":{"footnotes":"","_links_to":"","_links_to_target":""},"categories":[1],"tags":[],"class_list":["post-25863","post","type-post","status-publish","format-standard","hentry","category-haberler"],"_links":{"self":[{"href":"https:\/\/www.abchukuk.com\/index.php\/wp-json\/wp\/v2\/posts\/25863","targetHints":{"allow":["GET"]}}],"collection":[{"href":"https:\/\/www.abchukuk.com\/index.php\/wp-json\/wp\/v2\/posts"}],"about":[{"href":"https:\/\/www.abchukuk.com\/index.php\/wp-json\/wp\/v2\/types\/post"}],"author":[{"embeddable":true,"href":"https:\/\/www.abchukuk.com\/index.php\/wp-json\/wp\/v2\/users\/1"}],"replies":[{"embeddable":true,"href":"https:\/\/www.abchukuk.com\/index.php\/wp-json\/wp\/v2\/comments?post=25863"}],"version-history":[{"count":0,"href":"https:\/\/www.abchukuk.com\/index.php\/wp-json\/wp\/v2\/posts\/25863\/revisions"}],"wp:attachment":[{"href":"https:\/\/www.abchukuk.com\/index.php\/wp-json\/wp\/v2\/media?parent=25863"}],"wp:term":[{"taxonomy":"category","embeddable":true,"href":"https:\/\/www.abchukuk.com\/index.php\/wp-json\/wp\/v2\/categories?post=25863"},{"taxonomy":"post_tag","embeddable":true,"href":"https:\/\/www.abchukuk.com\/index.php\/wp-json\/wp\/v2\/tags?post=25863"}],"curies":[{"name":"wp","href":"https:\/\/api.w.org\/{rel}","templated":true}]}}