{"id":25856,"date":"2026-04-11T21:39:24","date_gmt":"2026-04-11T21:39:24","guid":{"rendered":"https:\/\/www.abchukuk.com\/index.php\/2026\/04\/11\/12-yargi-paketi-maddeleri-7\/"},"modified":"2026-04-11T21:39:24","modified_gmt":"2026-04-11T21:39:24","slug":"12-yargi-paketi-maddeleri-7","status":"publish","type":"post","link":"https:\/\/www.abchukuk.com\/index.php\/2026\/04\/11\/12-yargi-paketi-maddeleri-7\/","title":{"rendered":"12. Yarg\u0131 Paketi maddeleri"},"content":{"rendered":"<p>Adalet sisteminde kapsaml\u0131 de\u011fi\u015fiklikler \u00f6ng\u00f6ren 12. Yarg\u0131 Paketi, 2026 y\u0131l\u0131nda yeniden T\u00fcrkiye g\u00fcndeminin \u00fcst s\u0131ralar\u0131na yerle\u015fti. Uzun s\u00fcredir haz\u0131rl\u0131klar\u0131 devam eden d\u00fczenlemenin, infaz sistemi ba\u015fta olmak \u00fczere ceza adaletine y\u00f6nelik \u00f6nemli yenilikler i\u00e7ermesi bekleniyor. \u201cAf \u00e7\u0131kacak m\u0131?\u201d sorusu kamuoyunda en \u00e7ok merak edilen ba\u015fl\u0131klar aras\u0131nda yer al\u0131rken, paketin T\u00fcrkiye B\u00fcy\u00fck Millet Meclisi\u2019ne sunulmadan \u00f6nce son \u015feklini almak \u00fczere oldu\u011fu belirtiliyor. \u0130\u015fte 12. Yarg\u0131 Paketi son dakika geli\u015fmeleri&#8230;Adalet sisteminde kapsaml\u0131 de\u011fi\u015fiklikler \u00f6ng\u00f6ren 12. Yarg\u0131 Paketi, 2026 y\u0131l\u0131nda yeniden T\u00fcrkiye g\u00fcndeminin \u00fcst s\u0131ralar\u0131na yerle\u015fti. Uzun s\u00fcredir haz\u0131rl\u0131klar\u0131 devam eden d\u00fczenlemenin, infaz sistemi ba\u015fta olmak \u00fczere ceza adaletine y\u00f6nelik \u00f6nemli yenilikler i\u00e7ermesi bekleniyor. \u201cAf \u00e7\u0131kacak m\u0131?\u201d sorusu kamuoyunda en \u00e7ok merak edilen ba\u015fl\u0131klar aras\u0131nda yer al\u0131rken, paketin T\u00fcrkiye B\u00fcy\u00fck Millet Meclisi\u2019ne sunulmadan \u00f6nce son \u015feklini almak \u00fczere oldu\u011fu belirtiliyor. \u0130\u015fte 12. Yarg\u0131 Paketi son dakika geli\u015fmeleri&#8230;\u00a0<a href=\"https:\/\/www.haberturk.com\/12-yargi-paketi-son-durum-2026-12-yargi-paketi-meclis-e-geldi-mi-ne-zaman-cikacak-12-yargi-paketi-maddeleri-ile-genel-af-cikacak-mi-3876629\" target=\"_blank\" class=\"feedzy-rss-link-icon\">Read More<\/a><\/p>","protected":false},"excerpt":{"rendered":"<p>Adalet sisteminde kapsaml\u0131 de\u011fi\u015fiklikler \u00f6ng\u00f6ren 12. Yarg\u0131 Paketi, 2026 y\u0131l\u0131nda yeniden T\u00fcrkiye g\u00fcndeminin \u00fcst s\u0131ralar\u0131na yerle\u015fti. Uzun s\u00fcredir haz\u0131rl\u0131klar\u0131 devam eden d\u00fczenlemenin, infaz sistemi ba\u015fta olmak \u00fczere ceza adaletine y\u00f6nelik \u00f6nemli yenilikler i\u00e7ermesi bekleniyor. \u201cAf \u00e7\u0131kacak m\u0131?\u201d sorusu kamuoyunda en \u00e7ok merak edilen ba\u015fl\u0131klar aras\u0131nda yer al\u0131rken, paketin T\u00fcrkiye B\u00fcy\u00fck Millet Meclisi\u2019ne sunulmadan \u00f6nce son [&hellip;]<\/p>\n","protected":false},"author":1,"featured_media":0,"comment_status":"open","ping_status":"open","sticky":false,"template":"","format":"standard","meta":{"footnotes":"","_links_to":"","_links_to_target":""},"categories":[1],"tags":[],"class_list":["post-25856","post","type-post","status-publish","format-standard","hentry","category-haberler"],"_links":{"self":[{"href":"https:\/\/www.abchukuk.com\/index.php\/wp-json\/wp\/v2\/posts\/25856","targetHints":{"allow":["GET"]}}],"collection":[{"href":"https:\/\/www.abchukuk.com\/index.php\/wp-json\/wp\/v2\/posts"}],"about":[{"href":"https:\/\/www.abchukuk.com\/index.php\/wp-json\/wp\/v2\/types\/post"}],"author":[{"embeddable":true,"href":"https:\/\/www.abchukuk.com\/index.php\/wp-json\/wp\/v2\/users\/1"}],"replies":[{"embeddable":true,"href":"https:\/\/www.abchukuk.com\/index.php\/wp-json\/wp\/v2\/comments?post=25856"}],"version-history":[{"count":0,"href":"https:\/\/www.abchukuk.com\/index.php\/wp-json\/wp\/v2\/posts\/25856\/revisions"}],"wp:attachment":[{"href":"https:\/\/www.abchukuk.com\/index.php\/wp-json\/wp\/v2\/media?parent=25856"}],"wp:term":[{"taxonomy":"category","embeddable":true,"href":"https:\/\/www.abchukuk.com\/index.php\/wp-json\/wp\/v2\/categories?post=25856"},{"taxonomy":"post_tag","embeddable":true,"href":"https:\/\/www.abchukuk.com\/index.php\/wp-json\/wp\/v2\/tags?post=25856"}],"curies":[{"name":"wp","href":"https:\/\/api.w.org\/{rel}","templated":true}]}}