{"id":25855,"date":"2026-04-11T21:52:05","date_gmt":"2026-04-11T21:52:05","guid":{"rendered":"https:\/\/www.abchukuk.com\/index.php\/2026\/04\/11\/adalet-bakanligi-personel-aliminda-son-durum\/"},"modified":"2026-04-11T21:52:05","modified_gmt":"2026-04-11T21:52:05","slug":"adalet-bakanligi-personel-aliminda-son-durum","status":"publish","type":"post","link":"https:\/\/www.abchukuk.com\/index.php\/2026\/04\/11\/adalet-bakanligi-personel-aliminda-son-durum\/","title":{"rendered":"Adalet Bakanl\u0131\u011f\u0131 personel al\u0131m\u0131nda son durum"},"content":{"rendered":"<p>Adalet Bakanl\u0131\u011f\u0131\u2019n\u0131n 15 bin personel al\u0131m\u0131 yapaca\u011f\u0131na y\u00f6nelik resmi duyuru, kamuya girmek isteyen adaylar\u0131n g\u00fcndeminde yer al\u0131yor. Adliyeler ve ceza infaz kurumlar\u0131nda g\u00f6revlendirilmesi planlanan kadrolara ili\u015fkin ba\u015fvuru tarihleri ve \u015fartlar merakla ara\u015ft\u0131r\u0131l\u0131yor. Peki, 2026 Adalet Bakanl\u0131\u011f\u0131 personel al\u0131m\u0131 ba\u015fvurular\u0131 ne zaman ba\u015flayacak, kadro ve bran\u015f da\u011f\u0131l\u0131m\u0131 belli oldu mu? \u0130\u015fte t\u00fcm detaylar&#8230;Adalet Bakanl\u0131\u011f\u0131\u2019n\u0131n 15 bin personel al\u0131m\u0131 yapaca\u011f\u0131na y\u00f6nelik resmi duyuru, kamuya girmek isteyen adaylar\u0131n g\u00fcndeminde yer al\u0131yor. Adliyeler ve ceza infaz kurumlar\u0131nda g\u00f6revlendirilmesi planlanan kadrolara ili\u015fkin ba\u015fvuru tarihleri ve \u015fartlar merakla ara\u015ft\u0131r\u0131l\u0131yor. Peki, 2026 Adalet Bakanl\u0131\u011f\u0131 personel al\u0131m\u0131 ba\u015fvurular\u0131 ne zaman ba\u015flayacak, kadro ve bran\u015f da\u011f\u0131l\u0131m\u0131 belli oldu mu? \u0130\u015fte t\u00fcm detaylar&#8230;\u00a0<a href=\"https:\/\/www.haberturk.com\/adalet-bakanligi-15-bin-personel-aliminda-son-durum-2026-adalet-bakanligi-personel-alimi-basvuru-tarihi-belli-oldu-mu-kadro-ve-brans-dagilimi-nasil-olacak-3876580\" target=\"_blank\" class=\"feedzy-rss-link-icon\">Read More<\/a><\/p>","protected":false},"excerpt":{"rendered":"<p>Adalet Bakanl\u0131\u011f\u0131\u2019n\u0131n 15 bin personel al\u0131m\u0131 yapaca\u011f\u0131na y\u00f6nelik resmi duyuru, kamuya girmek isteyen adaylar\u0131n g\u00fcndeminde yer al\u0131yor. Adliyeler ve ceza infaz kurumlar\u0131nda g\u00f6revlendirilmesi planlanan kadrolara ili\u015fkin ba\u015fvuru tarihleri ve \u015fartlar merakla ara\u015ft\u0131r\u0131l\u0131yor. Peki, 2026 Adalet Bakanl\u0131\u011f\u0131 personel al\u0131m\u0131 ba\u015fvurular\u0131 ne zaman ba\u015flayacak, kadro ve bran\u015f da\u011f\u0131l\u0131m\u0131 belli oldu mu? \u0130\u015fte t\u00fcm detaylar&#8230;Adalet Bakanl\u0131\u011f\u0131\u2019n\u0131n 15 bin [&hellip;]<\/p>\n","protected":false},"author":1,"featured_media":0,"comment_status":"open","ping_status":"open","sticky":false,"template":"","format":"standard","meta":{"footnotes":"","_links_to":"","_links_to_target":""},"categories":[1],"tags":[],"class_list":["post-25855","post","type-post","status-publish","format-standard","hentry","category-haberler"],"_links":{"self":[{"href":"https:\/\/www.abchukuk.com\/index.php\/wp-json\/wp\/v2\/posts\/25855","targetHints":{"allow":["GET"]}}],"collection":[{"href":"https:\/\/www.abchukuk.com\/index.php\/wp-json\/wp\/v2\/posts"}],"about":[{"href":"https:\/\/www.abchukuk.com\/index.php\/wp-json\/wp\/v2\/types\/post"}],"author":[{"embeddable":true,"href":"https:\/\/www.abchukuk.com\/index.php\/wp-json\/wp\/v2\/users\/1"}],"replies":[{"embeddable":true,"href":"https:\/\/www.abchukuk.com\/index.php\/wp-json\/wp\/v2\/comments?post=25855"}],"version-history":[{"count":0,"href":"https:\/\/www.abchukuk.com\/index.php\/wp-json\/wp\/v2\/posts\/25855\/revisions"}],"wp:attachment":[{"href":"https:\/\/www.abchukuk.com\/index.php\/wp-json\/wp\/v2\/media?parent=25855"}],"wp:term":[{"taxonomy":"category","embeddable":true,"href":"https:\/\/www.abchukuk.com\/index.php\/wp-json\/wp\/v2\/categories?post=25855"},{"taxonomy":"post_tag","embeddable":true,"href":"https:\/\/www.abchukuk.com\/index.php\/wp-json\/wp\/v2\/tags?post=25855"}],"curies":[{"name":"wp","href":"https:\/\/api.w.org\/{rel}","templated":true}]}}