{"id":25802,"date":"2026-04-10T21:37:13","date_gmt":"2026-04-10T21:37:13","guid":{"rendered":"https:\/\/www.abchukuk.com\/index.php\/2026\/04\/10\/12-yargi-paketinde-af-var-mi\/"},"modified":"2026-04-10T21:37:13","modified_gmt":"2026-04-10T21:37:13","slug":"12-yargi-paketinde-af-var-mi","status":"publish","type":"post","link":"https:\/\/www.abchukuk.com\/index.php\/2026\/04\/10\/12-yargi-paketinde-af-var-mi\/","title":{"rendered":"12. Yarg\u0131 Paketi&#8217;nde af var m\u0131?"},"content":{"rendered":"<p>12. Yarg\u0131 Paketi\u2019nin ne zaman y\u00fcr\u00fcrl\u00fc\u011fe girece\u011fi sorusu, kamuoyunun en \u00e7ok merak etti\u011fi konular aras\u0131nda yer almaya devam ediyor. Bug\u00fcn ger\u00e7ekle\u015ftirilecek Kabine toplant\u0131s\u0131nda, paket kapsam\u0131nda infaz d\u00fczenlemeleri ve olas\u0131 af ba\u015fl\u0131klar\u0131n\u0131n g\u00fcndeme gelmesi bekleniyor. Ceza infaz sistemi ve yarg\u0131 s\u00fcre\u00e7lerinde yap\u0131lmas\u0131 planlanan de\u011fi\u015fiklikler yak\u0131ndan takip edilirken, paketin i\u00e7eri\u011fi ve yay\u0131mlanma takvimi g\u00fcndemdeki \u00f6nemini koruyor. Peki, 12. Yarg\u0131 Paketi maddeleri neler, ne zaman \u00e7\u0131kacak? Detaylar haberimizde.12. Yarg\u0131 Paketi\u2019nin ne zaman y\u00fcr\u00fcrl\u00fc\u011fe girece\u011fi sorusu, kamuoyunun en \u00e7ok merak etti\u011fi konular aras\u0131nda yer almaya devam ediyor. Bug\u00fcn ger\u00e7ekle\u015ftirilecek Kabine toplant\u0131s\u0131nda, paket kapsam\u0131nda infaz d\u00fczenlemeleri ve olas\u0131 af ba\u015fl\u0131klar\u0131n\u0131n g\u00fcndeme gelmesi bekleniyor. Ceza infaz sistemi ve yarg\u0131 s\u00fcre\u00e7lerinde yap\u0131lmas\u0131 planlanan de\u011fi\u015fiklikler yak\u0131ndan takip edilirken, paketin i\u00e7eri\u011fi ve yay\u0131mlanma takvimi g\u00fcndemdeki \u00f6nemini koruyor. Peki, 12. Yarg\u0131 Paketi maddeleri neler, ne zaman \u00e7\u0131kacak? Detaylar haberimizde.\u00a0<a href=\"https:\/\/www.haberturk.com\/12-yargi-paketi-maddeleri-2026-yargi-paketi-ne-zaman-cikacak-meclisten-gecti-mi-af-var-mi-3876297\" target=\"_blank\" class=\"feedzy-rss-link-icon\">Read More<\/a><\/p>","protected":false},"excerpt":{"rendered":"<p>12. Yarg\u0131 Paketi\u2019nin ne zaman y\u00fcr\u00fcrl\u00fc\u011fe girece\u011fi sorusu, kamuoyunun en \u00e7ok merak etti\u011fi konular aras\u0131nda yer almaya devam ediyor. Bug\u00fcn ger\u00e7ekle\u015ftirilecek Kabine toplant\u0131s\u0131nda, paket kapsam\u0131nda infaz d\u00fczenlemeleri ve olas\u0131 af ba\u015fl\u0131klar\u0131n\u0131n g\u00fcndeme gelmesi bekleniyor. Ceza infaz sistemi ve yarg\u0131 s\u00fcre\u00e7lerinde yap\u0131lmas\u0131 planlanan de\u011fi\u015fiklikler yak\u0131ndan takip edilirken, paketin i\u00e7eri\u011fi ve yay\u0131mlanma takvimi g\u00fcndemdeki \u00f6nemini koruyor. Peki, [&hellip;]<\/p>\n","protected":false},"author":1,"featured_media":0,"comment_status":"open","ping_status":"open","sticky":false,"template":"","format":"standard","meta":{"footnotes":"","_links_to":"","_links_to_target":""},"categories":[1],"tags":[],"class_list":["post-25802","post","type-post","status-publish","format-standard","hentry","category-haberler"],"_links":{"self":[{"href":"https:\/\/www.abchukuk.com\/index.php\/wp-json\/wp\/v2\/posts\/25802","targetHints":{"allow":["GET"]}}],"collection":[{"href":"https:\/\/www.abchukuk.com\/index.php\/wp-json\/wp\/v2\/posts"}],"about":[{"href":"https:\/\/www.abchukuk.com\/index.php\/wp-json\/wp\/v2\/types\/post"}],"author":[{"embeddable":true,"href":"https:\/\/www.abchukuk.com\/index.php\/wp-json\/wp\/v2\/users\/1"}],"replies":[{"embeddable":true,"href":"https:\/\/www.abchukuk.com\/index.php\/wp-json\/wp\/v2\/comments?post=25802"}],"version-history":[{"count":0,"href":"https:\/\/www.abchukuk.com\/index.php\/wp-json\/wp\/v2\/posts\/25802\/revisions"}],"wp:attachment":[{"href":"https:\/\/www.abchukuk.com\/index.php\/wp-json\/wp\/v2\/media?parent=25802"}],"wp:term":[{"taxonomy":"category","embeddable":true,"href":"https:\/\/www.abchukuk.com\/index.php\/wp-json\/wp\/v2\/categories?post=25802"},{"taxonomy":"post_tag","embeddable":true,"href":"https:\/\/www.abchukuk.com\/index.php\/wp-json\/wp\/v2\/tags?post=25802"}],"curies":[{"name":"wp","href":"https:\/\/api.w.org\/{rel}","templated":true}]}}