{"id":25788,"date":"2026-04-10T15:55:00","date_gmt":"2026-04-10T15:55:00","guid":{"rendered":"https:\/\/www.abchukuk.com\/index.php\/2026\/04\/10\/uskudar-belediyesinde-rusvet-operasyonu-9-kisi-tutuklandi\/"},"modified":"2026-04-10T15:55:00","modified_gmt":"2026-04-10T15:55:00","slug":"uskudar-belediyesinde-rusvet-operasyonu-9-kisi-tutuklandi","status":"publish","type":"post","link":"https:\/\/www.abchukuk.com\/index.php\/2026\/04\/10\/uskudar-belediyesinde-rusvet-operasyonu-9-kisi-tutuklandi\/","title":{"rendered":"\u00dcsk\u00fcdar Belediyesi&#8217;nde R\u00fc\u015fvet Operasyonu: 9 Ki\u015fi Tutukland\u0131"},"content":{"rendered":"<p><a href=\"https:\/\/www.gercekgundem.com\/siyaset\/uskudar-belediyesinde-rusvet-operasyonu-9-kisi-tutuklandi-569498\"><br \/>\n                                                            <img decoding=\"async\" src=\"https:\/\/i.gercekgundem.com\/2\/150\/84\/storage\/files\/images\/2026\/04\/10\/uskudar-belediyesinde-rusvet-operasyonu-2-gozalti-lyuo.png\" width=\"150\" height=\"84\" border=\"0\" align=\"right\" \/><br \/>\n                                                    <\/a><\/p>\n<h4>\u00dcsk\u00fcdar Belediyesi\u2019ne y\u00f6nelik usuls\u00fczl\u00fck ve r\u00fc\u015fvet soru\u015fturmas\u0131nda 9 \u015f\u00fcpheli tutukland\u0131. Tutuklananlar aras\u0131nda Belediye Ba\u015fkan Yard\u0131mc\u0131s\u0131 Filiz Deveci de yer al\u0131yor.<\/h4>\n<p>\u00dcsk\u00fcdar Belediyesi\u2019ne y\u00f6nelik usuls\u00fczl\u00fck ve r\u00fc\u015fvet soru\u015fturmas\u0131nda 9 \u015f\u00fcpheli tutukland\u0131. Tutuklananlar aras\u0131nda Belediye Ba\u015fkan Yard\u0131mc\u0131s\u0131 Filiz Deveci de yer al\u0131yor.\u00a0<a href=\"https:\/\/www.gercekgundem.com\/siyaset\/uskudar-belediyesinde-rusvet-operasyonu-9-kisi-tutuklandi-569498\" target=\"_blank\" class=\"feedzy-rss-link-icon\">Read More<\/a><\/p>","protected":false},"excerpt":{"rendered":"<p>\u00dcsk\u00fcdar Belediyesi\u2019ne y\u00f6nelik usuls\u00fczl\u00fck ve r\u00fc\u015fvet soru\u015fturmas\u0131nda 9 \u015f\u00fcpheli tutukland\u0131. Tutuklananlar aras\u0131nda Belediye Ba\u015fkan Yard\u0131mc\u0131s\u0131 Filiz Deveci de yer al\u0131yor. \u00dcsk\u00fcdar Belediyesi\u2019ne y\u00f6nelik usuls\u00fczl\u00fck ve r\u00fc\u015fvet soru\u015fturmas\u0131nda 9 \u015f\u00fcpheli tutukland\u0131. Tutuklananlar aras\u0131nda Belediye Ba\u015fkan Yard\u0131mc\u0131s\u0131 Filiz Deveci de yer al\u0131yor.\u00a0Read More<\/p>\n","protected":false},"author":1,"featured_media":25789,"comment_status":"open","ping_status":"open","sticky":false,"template":"","format":"standard","meta":{"footnotes":"","_links_to":"","_links_to_target":""},"categories":[1],"tags":[],"class_list":["post-25788","post","type-post","status-publish","format-standard","has-post-thumbnail","hentry","category-haberler"],"_links":{"self":[{"href":"https:\/\/www.abchukuk.com\/index.php\/wp-json\/wp\/v2\/posts\/25788","targetHints":{"allow":["GET"]}}],"collection":[{"href":"https:\/\/www.abchukuk.com\/index.php\/wp-json\/wp\/v2\/posts"}],"about":[{"href":"https:\/\/www.abchukuk.com\/index.php\/wp-json\/wp\/v2\/types\/post"}],"author":[{"embeddable":true,"href":"https:\/\/www.abchukuk.com\/index.php\/wp-json\/wp\/v2\/users\/1"}],"replies":[{"embeddable":true,"href":"https:\/\/www.abchukuk.com\/index.php\/wp-json\/wp\/v2\/comments?post=25788"}],"version-history":[{"count":0,"href":"https:\/\/www.abchukuk.com\/index.php\/wp-json\/wp\/v2\/posts\/25788\/revisions"}],"wp:featuredmedia":[{"embeddable":true,"href":"https:\/\/www.abchukuk.com\/index.php\/wp-json\/wp\/v2\/media\/25789"}],"wp:attachment":[{"href":"https:\/\/www.abchukuk.com\/index.php\/wp-json\/wp\/v2\/media?parent=25788"}],"wp:term":[{"taxonomy":"category","embeddable":true,"href":"https:\/\/www.abchukuk.com\/index.php\/wp-json\/wp\/v2\/categories?post=25788"},{"taxonomy":"post_tag","embeddable":true,"href":"https:\/\/www.abchukuk.com\/index.php\/wp-json\/wp\/v2\/tags?post=25788"}],"curies":[{"name":"wp","href":"https:\/\/api.w.org\/{rel}","templated":true}]}}