{"id":25649,"date":"2026-04-09T21:17:26","date_gmt":"2026-04-09T21:17:26","guid":{"rendered":"https:\/\/www.abchukuk.com\/index.php\/2026\/04\/09\/12-yargi-paketi-maddeleri-6\/"},"modified":"2026-04-09T21:17:26","modified_gmt":"2026-04-09T21:17:26","slug":"12-yargi-paketi-maddeleri-6","status":"publish","type":"post","link":"https:\/\/www.abchukuk.com\/index.php\/2026\/04\/09\/12-yargi-paketi-maddeleri-6\/","title":{"rendered":"12. Yarg\u0131 Paketi maddeleri"},"content":{"rendered":"<p>12. Yarg\u0131 Paketi maddeleri ve i\u00e7eri\u011fi g\u00fcndemi me\u015fgul etmeye devam ediyor. Adalet sisteminde \u00f6nemli de\u011fi\u015fiklikler i\u00e7ermesi beklenen paket i\u00e7in \u00e7al\u0131\u015fmalar h\u0131z kazand\u0131. \u00d6zellikle infaz d\u00fczenlemesi, af ve ceza indirimi konular\u0131 vatanda\u015flar taraf\u0131ndan yak\u0131ndan takip ediliyor. Adalet Bakan\u0131 Ak\u0131n G\u00fcrlek yapt\u0131\u011f\u0131 son a\u00e7\u0131klamada, yarg\u0131 reformlar\u0131n\u0131n kararl\u0131l\u0131kla s\u00fcrd\u00fcr\u00fclece\u011fini vurgulad\u0131. Bakan G\u00fcrlek, paketin hem adaletin h\u0131zlanmas\u0131 hem de ceza sisteminin daha etkin hale gelmesi i\u00e7in haz\u0131rland\u0131\u011f\u0131n\u0131 belirtti. 12. Yarg\u0131 Paketi\u2019nin TBMM g\u00fcndemine ne zaman gelece\u011fi ve yeni yarg\u0131 paketinin i\u00e7eri\u011fi ise merak edilen ba\u015fl\u0131klar aras\u0131nda yer al\u0131yor.  Peki, 12. Yarg\u0131 Paketi maddeleri neler, Meclis&#8217;e geldi mi, yeni yarg\u0131 paketinde af var? \u0130\u015fte 12. Yarg\u0131 Paketi maddeleri&#8230;12. Yarg\u0131 Paketi maddeleri ve i\u00e7eri\u011fi g\u00fcndemi me\u015fgul etmeye devam ediyor. Adalet sisteminde \u00f6nemli de\u011fi\u015fiklikler i\u00e7ermesi beklenen paket i\u00e7in \u00e7al\u0131\u015fmalar h\u0131z kazand\u0131. \u00d6zellikle infaz d\u00fczenlemesi, af ve ceza indirimi konular\u0131 vatanda\u015flar taraf\u0131ndan yak\u0131ndan takip ediliyor. Adalet Bakan\u0131 Ak\u0131n G\u00fcrlek yapt\u0131\u011f\u0131 son a\u00e7\u0131klamada, yarg\u0131 reformlar\u0131n\u0131n kararl\u0131l\u0131kla s\u00fcrd\u00fcr\u00fclece\u011fini vurgulad\u0131. Bakan G\u00fcrlek, paketin hem adaletin h\u0131zlanmas\u0131 hem de ceza sisteminin daha etkin hale gelmesi i\u00e7in haz\u0131rland\u0131\u011f\u0131n\u0131 belirtti. 12. Yarg\u0131 Paketi\u2019nin TBMM g\u00fcndemine ne zaman gelece\u011fi ve yeni yarg\u0131 paketinin i\u00e7eri\u011fi ise merak edilen ba\u015fl\u0131klar aras\u0131nda yer al\u0131yor.  Peki, 12. Yarg\u0131 Paketi maddeleri neler, Meclis&#8217;e geldi mi, yeni yarg\u0131 paketinde af var? \u0130\u015fte 12. Yarg\u0131 Paketi maddeleri&#8230;\u00a0<a href=\"https:\/\/www.haberturk.com\/12-yargi-paketi-son-dakika-2026-12-yargi-paketi-2026-maddeleri-neler-yeni-yargi-paketi-ne-zaman-cikacak-infaz-duzenlemesi-genel-af-var-mi-3876115\" target=\"_blank\" class=\"feedzy-rss-link-icon\">Read More<\/a><\/p>","protected":false},"excerpt":{"rendered":"<p>12. Yarg\u0131 Paketi maddeleri ve i\u00e7eri\u011fi g\u00fcndemi me\u015fgul etmeye devam ediyor. Adalet sisteminde \u00f6nemli de\u011fi\u015fiklikler i\u00e7ermesi beklenen paket i\u00e7in \u00e7al\u0131\u015fmalar h\u0131z kazand\u0131. \u00d6zellikle infaz d\u00fczenlemesi, af ve ceza indirimi konular\u0131 vatanda\u015flar taraf\u0131ndan yak\u0131ndan takip ediliyor. Adalet Bakan\u0131 Ak\u0131n G\u00fcrlek yapt\u0131\u011f\u0131 son a\u00e7\u0131klamada, yarg\u0131 reformlar\u0131n\u0131n kararl\u0131l\u0131kla s\u00fcrd\u00fcr\u00fclece\u011fini vurgulad\u0131. Bakan G\u00fcrlek, paketin hem adaletin h\u0131zlanmas\u0131 hem de [&hellip;]<\/p>\n","protected":false},"author":1,"featured_media":0,"comment_status":"open","ping_status":"open","sticky":false,"template":"","format":"standard","meta":{"footnotes":"","_links_to":"","_links_to_target":""},"categories":[1],"tags":[],"class_list":["post-25649","post","type-post","status-publish","format-standard","hentry","category-haberler"],"_links":{"self":[{"href":"https:\/\/www.abchukuk.com\/index.php\/wp-json\/wp\/v2\/posts\/25649","targetHints":{"allow":["GET"]}}],"collection":[{"href":"https:\/\/www.abchukuk.com\/index.php\/wp-json\/wp\/v2\/posts"}],"about":[{"href":"https:\/\/www.abchukuk.com\/index.php\/wp-json\/wp\/v2\/types\/post"}],"author":[{"embeddable":true,"href":"https:\/\/www.abchukuk.com\/index.php\/wp-json\/wp\/v2\/users\/1"}],"replies":[{"embeddable":true,"href":"https:\/\/www.abchukuk.com\/index.php\/wp-json\/wp\/v2\/comments?post=25649"}],"version-history":[{"count":0,"href":"https:\/\/www.abchukuk.com\/index.php\/wp-json\/wp\/v2\/posts\/25649\/revisions"}],"wp:attachment":[{"href":"https:\/\/www.abchukuk.com\/index.php\/wp-json\/wp\/v2\/media?parent=25649"}],"wp:term":[{"taxonomy":"category","embeddable":true,"href":"https:\/\/www.abchukuk.com\/index.php\/wp-json\/wp\/v2\/categories?post=25649"},{"taxonomy":"post_tag","embeddable":true,"href":"https:\/\/www.abchukuk.com\/index.php\/wp-json\/wp\/v2\/tags?post=25649"}],"curies":[{"name":"wp","href":"https:\/\/api.w.org\/{rel}","templated":true}]}}