{"id":2559,"date":"2025-08-27T13:49:00","date_gmt":"2025-08-27T13:49:00","guid":{"rendered":"http:\/\/www.lopsssdoner.com\/index.php\/2025\/08\/27\/imamoglunun-avukati-serbest-birakildi\/"},"modified":"2025-08-27T13:49:00","modified_gmt":"2025-08-27T13:49:00","slug":"imamoglunun-avukati-serbest-birakildi","status":"publish","type":"post","link":"https:\/\/www.abchukuk.com\/index.php\/2025\/08\/27\/imamoglunun-avukati-serbest-birakildi\/","title":{"rendered":"\u0130mamo\u011flu&#8217;nun Avukat\u0131 Serbest B\u0131rak\u0131ld\u0131"},"content":{"rendered":"<p><a href=\"https:\/\/www.gercekgundem.com\/guncel\/imamoglunun-avukati-serbest-birakildi-552980\"><br \/>\n                                                            <img decoding=\"async\" src=\"https:\/\/i.gercekgundem.com\/2\/150\/84\/storage\/files\/images\/2025\/08\/27\/imamoglunun-avukati-serbest-birakildi-nvka.png\" width=\"150\" height=\"84\" border=\"0\" align=\"right\" \/><br \/>\n                                                    <\/a><\/p>\n<h4>Tutuklu \u0130stanbul B\u00fcy\u00fck\u015fehir Belediye Ba\u015fkan\u0131 Ekrem \u0130mamo\u011flu ile e\u015fi Dilek \u0130mamo\u011flu\u2019nun d\u00fcn Trabzon\u2019da g\u00f6zalt\u0131na al\u0131nan avukat\u0131 Nusret Y\u0131lmaz adli kontrol ve yurt d\u0131\u015f\u0131 \u00e7\u0131k\u0131\u015f yasa\u011f\u0131 karar\u0131n\u0131n ard\u0131ndan serbest b\u0131rak\u0131ld\u0131.<\/h4>\n<p>Tutuklu \u0130stanbul B\u00fcy\u00fck\u015fehir Belediye Ba\u015fkan\u0131 Ekrem \u0130mamo\u011flu ile e\u015fi Dilek \u0130mamo\u011flu\u2019nun d\u00fcn Trabzon\u2019da g\u00f6zalt\u0131na al\u0131nan avukat\u0131 Nusret Y\u0131lmaz adli kontrol ve yurt d\u0131\u015f\u0131 \u00e7\u0131k\u0131\u015f yasa\u011f\u0131 karar\u0131n\u0131n ard\u0131ndan serbest b\u0131rak\u0131ld\u0131.\u00a0<a href=\"https:\/\/www.gercekgundem.com\/guncel\/imamoglunun-avukati-serbest-birakildi-552980\" target=\"_blank\" class=\"feedzy-rss-link-icon\">Read More<\/a><\/p>","protected":false},"excerpt":{"rendered":"<p>Tutuklu \u0130stanbul B\u00fcy\u00fck\u015fehir Belediye Ba\u015fkan\u0131 Ekrem \u0130mamo\u011flu ile e\u015fi Dilek \u0130mamo\u011flu\u2019nun d\u00fcn Trabzon\u2019da g\u00f6zalt\u0131na al\u0131nan avukat\u0131 Nusret Y\u0131lmaz adli kontrol ve yurt d\u0131\u015f\u0131 \u00e7\u0131k\u0131\u015f yasa\u011f\u0131 karar\u0131n\u0131n ard\u0131ndan serbest b\u0131rak\u0131ld\u0131. Tutuklu \u0130stanbul B\u00fcy\u00fck\u015fehir Belediye Ba\u015fkan\u0131 Ekrem \u0130mamo\u011flu ile e\u015fi Dilek \u0130mamo\u011flu\u2019nun d\u00fcn Trabzon\u2019da g\u00f6zalt\u0131na al\u0131nan avukat\u0131 Nusret Y\u0131lmaz adli kontrol ve yurt d\u0131\u015f\u0131 \u00e7\u0131k\u0131\u015f yasa\u011f\u0131 karar\u0131n\u0131n [&hellip;]<\/p>\n","protected":false},"author":1,"featured_media":2560,"comment_status":"open","ping_status":"open","sticky":false,"template":"","format":"standard","meta":{"footnotes":"","_links_to":"","_links_to_target":""},"categories":[1],"tags":[],"class_list":["post-2559","post","type-post","status-publish","format-standard","has-post-thumbnail","hentry","category-haberler"],"_links":{"self":[{"href":"https:\/\/www.abchukuk.com\/index.php\/wp-json\/wp\/v2\/posts\/2559","targetHints":{"allow":["GET"]}}],"collection":[{"href":"https:\/\/www.abchukuk.com\/index.php\/wp-json\/wp\/v2\/posts"}],"about":[{"href":"https:\/\/www.abchukuk.com\/index.php\/wp-json\/wp\/v2\/types\/post"}],"author":[{"embeddable":true,"href":"https:\/\/www.abchukuk.com\/index.php\/wp-json\/wp\/v2\/users\/1"}],"replies":[{"embeddable":true,"href":"https:\/\/www.abchukuk.com\/index.php\/wp-json\/wp\/v2\/comments?post=2559"}],"version-history":[{"count":0,"href":"https:\/\/www.abchukuk.com\/index.php\/wp-json\/wp\/v2\/posts\/2559\/revisions"}],"wp:featuredmedia":[{"embeddable":true,"href":"https:\/\/www.abchukuk.com\/index.php\/wp-json\/wp\/v2\/media\/2560"}],"wp:attachment":[{"href":"https:\/\/www.abchukuk.com\/index.php\/wp-json\/wp\/v2\/media?parent=2559"}],"wp:term":[{"taxonomy":"category","embeddable":true,"href":"https:\/\/www.abchukuk.com\/index.php\/wp-json\/wp\/v2\/categories?post=2559"},{"taxonomy":"post_tag","embeddable":true,"href":"https:\/\/www.abchukuk.com\/index.php\/wp-json\/wp\/v2\/tags?post=2559"}],"curies":[{"name":"wp","href":"https:\/\/api.w.org\/{rel}","templated":true}]}}