{"id":25496,"date":"2026-04-08T14:20:07","date_gmt":"2026-04-08T14:20:07","guid":{"rendered":"https:\/\/www.abchukuk.com\/index.php\/2026\/04\/08\/suca-suruklenen-cocuklar-calistayi-duzenlendi\/"},"modified":"2026-04-08T14:20:07","modified_gmt":"2026-04-08T14:20:07","slug":"suca-suruklenen-cocuklar-calistayi-duzenlendi","status":"publish","type":"post","link":"https:\/\/www.abchukuk.com\/index.php\/2026\/04\/08\/suca-suruklenen-cocuklar-calistayi-duzenlendi\/","title":{"rendered":"&#8216;Su\u00e7a S\u00fcr\u00fcklenen \u00c7ocuklar \u00c7al\u0131\u015ftay\u0131&#8217; d\u00fczenlendi"},"content":{"rendered":"<p>Cumhurba\u015fkanl\u0131\u011f\u0131 Hukuk Politikalar\u0131 Kurulunca &#8220;Su\u00e7a S\u00fcr\u00fcklenen \u00c7ocuklar \u00c7al\u0131\u015ftay\u0131&#8221; d\u00fczenlendi. Su\u00e7a s\u00fcr\u00fcklenen \u00e7ocuklara y\u00f6nelik tespit ve \u00e7\u00f6z\u00fcm \u00f6nerilerini i\u00e7eren rapor olu\u015fturarak y\u00fcr\u00fctmenin icra ve idari s\u00fcre\u00e7leri ile TBMM&#8217;nin yasama faaliyetlerine fikri katk\u0131 sa\u011flamay\u0131 hedeflediklerini vurgulayan Cumhurba\u015fkanl\u0131\u011f\u0131 Hukuk Politikalar\u0131 Kurulu Ba\u015fkanvekili Mehmet U\u00e7um, raporu &#8220;\u00f6neri belgesi&#8221; veya &#8220;politika belge tasla\u011f\u0131&#8221; \u015feklinde Cumhurba\u015fkan\u0131 Erdo\u011fan&#8217;a sunacaklar\u0131n\u0131 s\u00f6ylediCumhurba\u015fkanl\u0131\u011f\u0131 Hukuk Politikalar\u0131 Kurulunca &#8220;Su\u00e7a S\u00fcr\u00fcklenen \u00c7ocuklar \u00c7al\u0131\u015ftay\u0131&#8221; d\u00fczenlendi. Su\u00e7a s\u00fcr\u00fcklenen \u00e7ocuklara y\u00f6nelik tespit ve \u00e7\u00f6z\u00fcm \u00f6nerilerini i\u00e7eren rapor olu\u015fturarak y\u00fcr\u00fctmenin icra ve idari s\u00fcre\u00e7leri ile TBMM&#8217;nin yasama faaliyetlerine fikri katk\u0131 sa\u011flamay\u0131 hedeflediklerini vurgulayan Cumhurba\u015fkanl\u0131\u011f\u0131 Hukuk Politikalar\u0131 Kurulu Ba\u015fkanvekili Mehmet U\u00e7um, raporu &#8220;\u00f6neri belgesi&#8221; veya &#8220;politika belge tasla\u011f\u0131&#8221; \u015feklinde Cumhurba\u015fkan\u0131 Erdo\u011fan&#8217;a sunacaklar\u0131n\u0131 s\u00f6yledi\u00a0<a href=\"https:\/\/www.haberturk.com\/suca-suruklenen-cocuklar-calistayi-duzenlendi-3875775\" target=\"_blank\" class=\"feedzy-rss-link-icon\">Read More<\/a><\/p>","protected":false},"excerpt":{"rendered":"<p>Cumhurba\u015fkanl\u0131\u011f\u0131 Hukuk Politikalar\u0131 Kurulunca &#8220;Su\u00e7a S\u00fcr\u00fcklenen \u00c7ocuklar \u00c7al\u0131\u015ftay\u0131&#8221; d\u00fczenlendi. Su\u00e7a s\u00fcr\u00fcklenen \u00e7ocuklara y\u00f6nelik tespit ve \u00e7\u00f6z\u00fcm \u00f6nerilerini i\u00e7eren rapor olu\u015fturarak y\u00fcr\u00fctmenin icra ve idari s\u00fcre\u00e7leri ile TBMM&#8217;nin yasama faaliyetlerine fikri katk\u0131 sa\u011flamay\u0131 hedeflediklerini vurgulayan Cumhurba\u015fkanl\u0131\u011f\u0131 Hukuk Politikalar\u0131 Kurulu Ba\u015fkanvekili Mehmet U\u00e7um, raporu &#8220;\u00f6neri belgesi&#8221; veya &#8220;politika belge tasla\u011f\u0131&#8221; \u015feklinde Cumhurba\u015fkan\u0131 Erdo\u011fan&#8217;a sunacaklar\u0131n\u0131 s\u00f6ylediCumhurba\u015fkanl\u0131\u011f\u0131 Hukuk Politikalar\u0131 [&hellip;]<\/p>\n","protected":false},"author":1,"featured_media":0,"comment_status":"open","ping_status":"open","sticky":false,"template":"","format":"standard","meta":{"footnotes":"","_links_to":"","_links_to_target":""},"categories":[1],"tags":[],"class_list":["post-25496","post","type-post","status-publish","format-standard","hentry","category-haberler"],"_links":{"self":[{"href":"https:\/\/www.abchukuk.com\/index.php\/wp-json\/wp\/v2\/posts\/25496","targetHints":{"allow":["GET"]}}],"collection":[{"href":"https:\/\/www.abchukuk.com\/index.php\/wp-json\/wp\/v2\/posts"}],"about":[{"href":"https:\/\/www.abchukuk.com\/index.php\/wp-json\/wp\/v2\/types\/post"}],"author":[{"embeddable":true,"href":"https:\/\/www.abchukuk.com\/index.php\/wp-json\/wp\/v2\/users\/1"}],"replies":[{"embeddable":true,"href":"https:\/\/www.abchukuk.com\/index.php\/wp-json\/wp\/v2\/comments?post=25496"}],"version-history":[{"count":0,"href":"https:\/\/www.abchukuk.com\/index.php\/wp-json\/wp\/v2\/posts\/25496\/revisions"}],"wp:attachment":[{"href":"https:\/\/www.abchukuk.com\/index.php\/wp-json\/wp\/v2\/media?parent=25496"}],"wp:term":[{"taxonomy":"category","embeddable":true,"href":"https:\/\/www.abchukuk.com\/index.php\/wp-json\/wp\/v2\/categories?post=25496"},{"taxonomy":"post_tag","embeddable":true,"href":"https:\/\/www.abchukuk.com\/index.php\/wp-json\/wp\/v2\/tags?post=25496"}],"curies":[{"name":"wp","href":"https:\/\/api.w.org\/{rel}","templated":true}]}}