{"id":25495,"date":"2026-04-08T20:31:39","date_gmt":"2026-04-08T20:31:39","guid":{"rendered":"https:\/\/www.abchukuk.com\/index.php\/2026\/04\/08\/adalet-bakanligi-personel-alimi-tarihi-belli-oldu-mu\/"},"modified":"2026-04-08T20:31:39","modified_gmt":"2026-04-08T20:31:39","slug":"adalet-bakanligi-personel-alimi-tarihi-belli-oldu-mu","status":"publish","type":"post","link":"https:\/\/www.abchukuk.com\/index.php\/2026\/04\/08\/adalet-bakanligi-personel-alimi-tarihi-belli-oldu-mu\/","title":{"rendered":"Adalet Bakanl\u0131\u011f\u0131 personel al\u0131m\u0131 tarihi belli oldu mu?"},"content":{"rendered":"<p>Adalet Bakanl\u0131\u011f\u0131, 2026 y\u0131l\u0131 kapsam\u0131nda 15 bin personel al\u0131m\u0131 ger\u00e7ekle\u015ftirecek. S\u00f6z konusu al\u0131mlarda adliyeler ve ceza infaz kurumlar\u0131nda g\u00f6revlendirilmek \u00fczere infaz ve koruma memuru, zab\u0131t katibi, m\u00fcba\u015fir, g\u00fcvenlik g\u00f6revlisi ve \u015fof\u00f6r gibi farkl\u0131 kadrolar yer alacak. Ba\u015fvuru s\u00fcrecinin e-Devlet \u00fczerinden yap\u0131lmas\u0131 planlan\u0131rken, adaylar resmi ilanlar\u0131n yay\u0131mlanmas\u0131n\u0131 yak\u0131ndan takip ediyor. Peki, Adalet Bakanl\u0131\u011f\u0131 ba\u015fvurular\u0131 ne zaman ba\u015flayacak ve kadro da\u011f\u0131l\u0131m\u0131 netle\u015fti mi? \u0130\u015fte s\u00fcrece dair merak edilen t\u00fcm detaylar\u2026Adalet Bakanl\u0131\u011f\u0131, 2026 y\u0131l\u0131 kapsam\u0131nda 15 bin personel al\u0131m\u0131 ger\u00e7ekle\u015ftirecek. S\u00f6z konusu al\u0131mlarda adliyeler ve ceza infaz kurumlar\u0131nda g\u00f6revlendirilmek \u00fczere infaz ve koruma memuru, zab\u0131t katibi, m\u00fcba\u015fir, g\u00fcvenlik g\u00f6revlisi ve \u015fof\u00f6r gibi farkl\u0131 kadrolar yer alacak. Ba\u015fvuru s\u00fcrecinin e-Devlet \u00fczerinden yap\u0131lmas\u0131 planlan\u0131rken, adaylar resmi ilanlar\u0131n yay\u0131mlanmas\u0131n\u0131 yak\u0131ndan takip ediyor. Peki, Adalet Bakanl\u0131\u011f\u0131 ba\u015fvurular\u0131 ne zaman ba\u015flayacak ve kadro da\u011f\u0131l\u0131m\u0131 netle\u015fti mi? \u0130\u015fte s\u00fcrece dair merak edilen t\u00fcm detaylar\u2026\u00a0<a href=\"https:\/\/www.haberturk.com\/adalet-bakanligi-15-bin-personel-alimi-basvuru-tarihi-belli-oldu-mu-2026-adalet-bakanligi-personel-alimi-ne-zaman-brans-ve-kadro-dagilimi-nasil-3875769\" target=\"_blank\" class=\"feedzy-rss-link-icon\">Read More<\/a><\/p>","protected":false},"excerpt":{"rendered":"<p>Adalet Bakanl\u0131\u011f\u0131, 2026 y\u0131l\u0131 kapsam\u0131nda 15 bin personel al\u0131m\u0131 ger\u00e7ekle\u015ftirecek. S\u00f6z konusu al\u0131mlarda adliyeler ve ceza infaz kurumlar\u0131nda g\u00f6revlendirilmek \u00fczere infaz ve koruma memuru, zab\u0131t katibi, m\u00fcba\u015fir, g\u00fcvenlik g\u00f6revlisi ve \u015fof\u00f6r gibi farkl\u0131 kadrolar yer alacak. Ba\u015fvuru s\u00fcrecinin e-Devlet \u00fczerinden yap\u0131lmas\u0131 planlan\u0131rken, adaylar resmi ilanlar\u0131n yay\u0131mlanmas\u0131n\u0131 yak\u0131ndan takip ediyor. Peki, Adalet Bakanl\u0131\u011f\u0131 ba\u015fvurular\u0131 ne zaman [&hellip;]<\/p>\n","protected":false},"author":1,"featured_media":0,"comment_status":"open","ping_status":"open","sticky":false,"template":"","format":"standard","meta":{"footnotes":"","_links_to":"","_links_to_target":""},"categories":[1],"tags":[],"class_list":["post-25495","post","type-post","status-publish","format-standard","hentry","category-haberler"],"_links":{"self":[{"href":"https:\/\/www.abchukuk.com\/index.php\/wp-json\/wp\/v2\/posts\/25495","targetHints":{"allow":["GET"]}}],"collection":[{"href":"https:\/\/www.abchukuk.com\/index.php\/wp-json\/wp\/v2\/posts"}],"about":[{"href":"https:\/\/www.abchukuk.com\/index.php\/wp-json\/wp\/v2\/types\/post"}],"author":[{"embeddable":true,"href":"https:\/\/www.abchukuk.com\/index.php\/wp-json\/wp\/v2\/users\/1"}],"replies":[{"embeddable":true,"href":"https:\/\/www.abchukuk.com\/index.php\/wp-json\/wp\/v2\/comments?post=25495"}],"version-history":[{"count":0,"href":"https:\/\/www.abchukuk.com\/index.php\/wp-json\/wp\/v2\/posts\/25495\/revisions"}],"wp:attachment":[{"href":"https:\/\/www.abchukuk.com\/index.php\/wp-json\/wp\/v2\/media?parent=25495"}],"wp:term":[{"taxonomy":"category","embeddable":true,"href":"https:\/\/www.abchukuk.com\/index.php\/wp-json\/wp\/v2\/categories?post=25495"},{"taxonomy":"post_tag","embeddable":true,"href":"https:\/\/www.abchukuk.com\/index.php\/wp-json\/wp\/v2\/tags?post=25495"}],"curies":[{"name":"wp","href":"https:\/\/api.w.org\/{rel}","templated":true}]}}