{"id":25246,"date":"2026-04-06T14:22:41","date_gmt":"2026-04-06T14:22:41","guid":{"rendered":"https:\/\/www.abchukuk.com\/index.php\/2026\/04\/06\/adalet-bakanligi-15-bin-personel-alimi\/"},"modified":"2026-04-06T14:22:41","modified_gmt":"2026-04-06T14:22:41","slug":"adalet-bakanligi-15-bin-personel-alimi","status":"publish","type":"post","link":"https:\/\/www.abchukuk.com\/index.php\/2026\/04\/06\/adalet-bakanligi-15-bin-personel-alimi\/","title":{"rendered":"Adalet Bakanl\u0131\u011f\u0131 15 bin personel al\u0131m\u0131"},"content":{"rendered":"<p>Kamu personeli adaylar\u0131n\u0131n merakla bekledi\u011fi Adalet Bakanl\u0131\u011f\u0131 2026 y\u0131l\u0131 15 bin personel al\u0131m\u0131 i\u00e7in geri say\u0131m ba\u015flad\u0131. Adliyeler, ceza infaz kurumlar\u0131 ve merkez te\u015fkilat\u0131nda g\u00f6revlendirilecek al\u0131mlarda zab\u0131t katibi, infaz koruma memuru ve m\u00fcba\u015fir gibi kritik kadrolar \u00f6ne \u00e7\u0131k\u0131yor. Peki, ba\u015fvuru tarihleri a\u00e7\u0131kland\u0131 m\u0131 ve \u015fartlar neler? \u0130\u015fte detaylar\u2026Kamu personeli adaylar\u0131n\u0131n merakla bekledi\u011fi Adalet Bakanl\u0131\u011f\u0131 2026 y\u0131l\u0131 15 bin personel al\u0131m\u0131 i\u00e7in geri say\u0131m ba\u015flad\u0131. Adliyeler, ceza infaz kurumlar\u0131 ve merkez te\u015fkilat\u0131nda g\u00f6revlendirilecek al\u0131mlarda zab\u0131t katibi, infaz koruma memuru ve m\u00fcba\u015fir gibi kritik kadrolar \u00f6ne \u00e7\u0131k\u0131yor. Peki, ba\u015fvuru tarihleri a\u00e7\u0131kland\u0131 m\u0131 ve \u015fartlar neler? \u0130\u015fte detaylar\u2026\u00a0<a href=\"https:\/\/www.haberturk.com\/adalet-bakanligi-15-bin-personel-alimi-basvurusu-ne-zaman-sartlari-neler-hangi-kadrolarda-alim-yapilacak-3875237\" target=\"_blank\" class=\"feedzy-rss-link-icon\">Read More<\/a><\/p>","protected":false},"excerpt":{"rendered":"<p>Kamu personeli adaylar\u0131n\u0131n merakla bekledi\u011fi Adalet Bakanl\u0131\u011f\u0131 2026 y\u0131l\u0131 15 bin personel al\u0131m\u0131 i\u00e7in geri say\u0131m ba\u015flad\u0131. Adliyeler, ceza infaz kurumlar\u0131 ve merkez te\u015fkilat\u0131nda g\u00f6revlendirilecek al\u0131mlarda zab\u0131t katibi, infaz koruma memuru ve m\u00fcba\u015fir gibi kritik kadrolar \u00f6ne \u00e7\u0131k\u0131yor. Peki, ba\u015fvuru tarihleri a\u00e7\u0131kland\u0131 m\u0131 ve \u015fartlar neler? \u0130\u015fte detaylar\u2026Kamu personeli adaylar\u0131n\u0131n merakla bekledi\u011fi Adalet Bakanl\u0131\u011f\u0131 2026 [&hellip;]<\/p>\n","protected":false},"author":1,"featured_media":0,"comment_status":"open","ping_status":"open","sticky":false,"template":"","format":"standard","meta":{"footnotes":"","_links_to":"","_links_to_target":""},"categories":[1],"tags":[],"class_list":["post-25246","post","type-post","status-publish","format-standard","hentry","category-haberler"],"_links":{"self":[{"href":"https:\/\/www.abchukuk.com\/index.php\/wp-json\/wp\/v2\/posts\/25246","targetHints":{"allow":["GET"]}}],"collection":[{"href":"https:\/\/www.abchukuk.com\/index.php\/wp-json\/wp\/v2\/posts"}],"about":[{"href":"https:\/\/www.abchukuk.com\/index.php\/wp-json\/wp\/v2\/types\/post"}],"author":[{"embeddable":true,"href":"https:\/\/www.abchukuk.com\/index.php\/wp-json\/wp\/v2\/users\/1"}],"replies":[{"embeddable":true,"href":"https:\/\/www.abchukuk.com\/index.php\/wp-json\/wp\/v2\/comments?post=25246"}],"version-history":[{"count":0,"href":"https:\/\/www.abchukuk.com\/index.php\/wp-json\/wp\/v2\/posts\/25246\/revisions"}],"wp:attachment":[{"href":"https:\/\/www.abchukuk.com\/index.php\/wp-json\/wp\/v2\/media?parent=25246"}],"wp:term":[{"taxonomy":"category","embeddable":true,"href":"https:\/\/www.abchukuk.com\/index.php\/wp-json\/wp\/v2\/categories?post=25246"},{"taxonomy":"post_tag","embeddable":true,"href":"https:\/\/www.abchukuk.com\/index.php\/wp-json\/wp\/v2\/tags?post=25246"}],"curies":[{"name":"wp","href":"https:\/\/api.w.org\/{rel}","templated":true}]}}