{"id":25153,"date":"2026-04-05T13:37:26","date_gmt":"2026-04-05T13:37:26","guid":{"rendered":"https:\/\/www.abchukuk.com\/index.php\/2026\/04\/05\/suca-suruklenen-cocuklarin-magdur-ettigi-ailelerle-gorustu\/"},"modified":"2026-04-05T13:37:26","modified_gmt":"2026-04-05T13:37:26","slug":"suca-suruklenen-cocuklarin-magdur-ettigi-ailelerle-gorustu","status":"publish","type":"post","link":"https:\/\/www.abchukuk.com\/index.php\/2026\/04\/05\/suca-suruklenen-cocuklarin-magdur-ettigi-ailelerle-gorustu\/","title":{"rendered":"Su\u00e7a s\u00fcr\u00fcklenen \u00e7ocuklar\u0131n ma\u011fdur etti\u011fi ailelerle g\u00f6r\u00fc\u015ft\u00fc"},"content":{"rendered":"<p>Adalet Bakan\u0131 G\u00fcrlek, su\u00e7a s\u00fcr\u00fcklenen \u00e7ocuklar\u0131n ma\u011fdur etti\u011fi ailelerle bir araya geldi. Su\u00e7a s\u00fcr\u00fcklenen \u00e7ocuklar konusunun toplumun kanayan yaras\u0131 oldu\u011funu belirten G\u00fcrlek, &#8220;Bu bizim hassas konumuz, k\u0131r\u0131lgan konumuz.&#8221; dedi. G\u00fcrlek, su\u00e7a s\u00fcr\u00fcklenen \u00e7ocuklara verilen cezalarla ilgili toplumda rahats\u0131zl\u0131k oldu\u011funu anlatarak, bu rahats\u0131zl\u0131\u011f\u0131 gidermek i\u00e7in gerekli ad\u0131mlar\u0131 atacaklar\u0131n\u0131 kaydettiAdalet Bakan\u0131 G\u00fcrlek, su\u00e7a s\u00fcr\u00fcklenen \u00e7ocuklar\u0131n ma\u011fdur etti\u011fi ailelerle bir araya geldi. Su\u00e7a s\u00fcr\u00fcklenen \u00e7ocuklar konusunun toplumun kanayan yaras\u0131 oldu\u011funu belirten G\u00fcrlek, &#8220;Bu bizim hassas konumuz, k\u0131r\u0131lgan konumuz.&#8221; dedi. G\u00fcrlek, su\u00e7a s\u00fcr\u00fcklenen \u00e7ocuklara verilen cezalarla ilgili toplumda rahats\u0131zl\u0131k oldu\u011funu anlatarak, bu rahats\u0131zl\u0131\u011f\u0131 gidermek i\u00e7in gerekli ad\u0131mlar\u0131 atacaklar\u0131n\u0131 kaydetti\u00a0<a href=\"https:\/\/www.haberturk.com\/bakan-gurlek-suca-suruklenen-cocuklarin-magdur-ettigi-ailelerle-gorustu-3874973\" target=\"_blank\" class=\"feedzy-rss-link-icon\">Read More<\/a><\/p>","protected":false},"excerpt":{"rendered":"<p>Adalet Bakan\u0131 G\u00fcrlek, su\u00e7a s\u00fcr\u00fcklenen \u00e7ocuklar\u0131n ma\u011fdur etti\u011fi ailelerle bir araya geldi. Su\u00e7a s\u00fcr\u00fcklenen \u00e7ocuklar konusunun toplumun kanayan yaras\u0131 oldu\u011funu belirten G\u00fcrlek, &#8220;Bu bizim hassas konumuz, k\u0131r\u0131lgan konumuz.&#8221; dedi. G\u00fcrlek, su\u00e7a s\u00fcr\u00fcklenen \u00e7ocuklara verilen cezalarla ilgili toplumda rahats\u0131zl\u0131k oldu\u011funu anlatarak, bu rahats\u0131zl\u0131\u011f\u0131 gidermek i\u00e7in gerekli ad\u0131mlar\u0131 atacaklar\u0131n\u0131 kaydettiAdalet Bakan\u0131 G\u00fcrlek, su\u00e7a s\u00fcr\u00fcklenen \u00e7ocuklar\u0131n ma\u011fdur etti\u011fi [&hellip;]<\/p>\n","protected":false},"author":1,"featured_media":0,"comment_status":"open","ping_status":"open","sticky":false,"template":"","format":"standard","meta":{"footnotes":"","_links_to":"","_links_to_target":""},"categories":[1],"tags":[],"class_list":["post-25153","post","type-post","status-publish","format-standard","hentry","category-haberler"],"_links":{"self":[{"href":"https:\/\/www.abchukuk.com\/index.php\/wp-json\/wp\/v2\/posts\/25153","targetHints":{"allow":["GET"]}}],"collection":[{"href":"https:\/\/www.abchukuk.com\/index.php\/wp-json\/wp\/v2\/posts"}],"about":[{"href":"https:\/\/www.abchukuk.com\/index.php\/wp-json\/wp\/v2\/types\/post"}],"author":[{"embeddable":true,"href":"https:\/\/www.abchukuk.com\/index.php\/wp-json\/wp\/v2\/users\/1"}],"replies":[{"embeddable":true,"href":"https:\/\/www.abchukuk.com\/index.php\/wp-json\/wp\/v2\/comments?post=25153"}],"version-history":[{"count":0,"href":"https:\/\/www.abchukuk.com\/index.php\/wp-json\/wp\/v2\/posts\/25153\/revisions"}],"wp:attachment":[{"href":"https:\/\/www.abchukuk.com\/index.php\/wp-json\/wp\/v2\/media?parent=25153"}],"wp:term":[{"taxonomy":"category","embeddable":true,"href":"https:\/\/www.abchukuk.com\/index.php\/wp-json\/wp\/v2\/categories?post=25153"},{"taxonomy":"post_tag","embeddable":true,"href":"https:\/\/www.abchukuk.com\/index.php\/wp-json\/wp\/v2\/tags?post=25153"}],"curies":[{"name":"wp","href":"https:\/\/api.w.org\/{rel}","templated":true}]}}