{"id":25152,"date":"2026-04-05T14:21:12","date_gmt":"2026-04-05T14:21:12","guid":{"rendered":"https:\/\/www.abchukuk.com\/index.php\/2026\/04\/05\/bakan-gurlekten-avukatlar-gunu-mesaji\/"},"modified":"2026-04-05T14:21:12","modified_gmt":"2026-04-05T14:21:12","slug":"bakan-gurlekten-avukatlar-gunu-mesaji","status":"publish","type":"post","link":"https:\/\/www.abchukuk.com\/index.php\/2026\/04\/05\/bakan-gurlekten-avukatlar-gunu-mesaji\/","title":{"rendered":"Bakan G\u00fcrlek&#8217;ten &#8216;Avukatlar G\u00fcn\u00fc&#8217; mesaj\u0131"},"content":{"rendered":"<p>Adalet Bakan\u0131 Ak\u0131n G\u00fcrlek, &#8220;Hukukun rehberli\u011finde vatanda\u015flar\u0131m\u0131z\u0131n haklar\u0131n\u0131 savunarak adaletin ger\u00e7ekle\u015fmesine katk\u0131 sunan avukatlar\u0131m\u0131z\u0131n her daim yan\u0131nda yer alacak, avukatl\u0131k mesle\u011fini daha da g\u00fc\u00e7lendirecek ad\u0131mlar\u0131 kararl\u0131l\u0131kla hayata ge\u00e7irece\u011fiz&#8221; dedi.Adalet Bakan\u0131 Ak\u0131n G\u00fcrlek, &#8220;Hukukun rehberli\u011finde vatanda\u015flar\u0131m\u0131z\u0131n haklar\u0131n\u0131 savunarak adaletin ger\u00e7ekle\u015fmesine katk\u0131 sunan avukatlar\u0131m\u0131z\u0131n her daim yan\u0131nda yer alacak, avukatl\u0131k mesle\u011fini daha da g\u00fc\u00e7lendirecek ad\u0131mlar\u0131 kararl\u0131l\u0131kla hayata ge\u00e7irece\u011fiz&#8221; dedi.\u00a0<a href=\"https:\/\/www.haberturk.com\/bakan-gurlek-ten-avukatlar-gunu-mesaji-3874994\" target=\"_blank\" class=\"feedzy-rss-link-icon\">Read More<\/a><\/p>","protected":false},"excerpt":{"rendered":"<p>Adalet Bakan\u0131 Ak\u0131n G\u00fcrlek, &#8220;Hukukun rehberli\u011finde vatanda\u015flar\u0131m\u0131z\u0131n haklar\u0131n\u0131 savunarak adaletin ger\u00e7ekle\u015fmesine katk\u0131 sunan avukatlar\u0131m\u0131z\u0131n her daim yan\u0131nda yer alacak, avukatl\u0131k mesle\u011fini daha da g\u00fc\u00e7lendirecek ad\u0131mlar\u0131 kararl\u0131l\u0131kla hayata ge\u00e7irece\u011fiz&#8221; dedi.Adalet Bakan\u0131 Ak\u0131n G\u00fcrlek, &#8220;Hukukun rehberli\u011finde vatanda\u015flar\u0131m\u0131z\u0131n haklar\u0131n\u0131 savunarak adaletin ger\u00e7ekle\u015fmesine katk\u0131 sunan avukatlar\u0131m\u0131z\u0131n her daim yan\u0131nda yer alacak, avukatl\u0131k mesle\u011fini daha da g\u00fc\u00e7lendirecek ad\u0131mlar\u0131 kararl\u0131l\u0131kla hayata [&hellip;]<\/p>\n","protected":false},"author":1,"featured_media":0,"comment_status":"open","ping_status":"open","sticky":false,"template":"","format":"standard","meta":{"footnotes":"","_links_to":"","_links_to_target":""},"categories":[1],"tags":[],"class_list":["post-25152","post","type-post","status-publish","format-standard","hentry","category-haberler"],"_links":{"self":[{"href":"https:\/\/www.abchukuk.com\/index.php\/wp-json\/wp\/v2\/posts\/25152","targetHints":{"allow":["GET"]}}],"collection":[{"href":"https:\/\/www.abchukuk.com\/index.php\/wp-json\/wp\/v2\/posts"}],"about":[{"href":"https:\/\/www.abchukuk.com\/index.php\/wp-json\/wp\/v2\/types\/post"}],"author":[{"embeddable":true,"href":"https:\/\/www.abchukuk.com\/index.php\/wp-json\/wp\/v2\/users\/1"}],"replies":[{"embeddable":true,"href":"https:\/\/www.abchukuk.com\/index.php\/wp-json\/wp\/v2\/comments?post=25152"}],"version-history":[{"count":0,"href":"https:\/\/www.abchukuk.com\/index.php\/wp-json\/wp\/v2\/posts\/25152\/revisions"}],"wp:attachment":[{"href":"https:\/\/www.abchukuk.com\/index.php\/wp-json\/wp\/v2\/media?parent=25152"}],"wp:term":[{"taxonomy":"category","embeddable":true,"href":"https:\/\/www.abchukuk.com\/index.php\/wp-json\/wp\/v2\/categories?post=25152"},{"taxonomy":"post_tag","embeddable":true,"href":"https:\/\/www.abchukuk.com\/index.php\/wp-json\/wp\/v2\/tags?post=25152"}],"curies":[{"name":"wp","href":"https:\/\/api.w.org\/{rel}","templated":true}]}}