{"id":2387,"date":"2025-08-25T17:22:00","date_gmt":"2025-08-25T17:22:00","guid":{"rendered":"http:\/\/www.lopsssdoner.com\/index.php\/2025\/08\/25\/ozgur-ozelden-ahmet-ozer-cagrisi-yeri-cezaevi-degil-gorevine-donmeli\/"},"modified":"2025-08-25T17:22:00","modified_gmt":"2025-08-25T17:22:00","slug":"ozgur-ozelden-ahmet-ozer-cagrisi-yeri-cezaevi-degil-gorevine-donmeli","status":"publish","type":"post","link":"https:\/\/www.abchukuk.com\/index.php\/2025\/08\/25\/ozgur-ozelden-ahmet-ozer-cagrisi-yeri-cezaevi-degil-gorevine-donmeli\/","title":{"rendered":"\u00d6zg\u00fcr \u00d6zel\u2019den \u2018Ahmet \u00d6zer\u2019 \u00e7a\u011fr\u0131s\u0131: \u2018Yeri cezaevi de\u011fil, g\u00f6revine d\u00f6nmeli\u2019"},"content":{"rendered":"<p>CHP Genel Ba\u015fkan\u0131 \u00d6zg\u00fcr \u00d6zel, &#8220;\u00c7at\u0131\u015fmal\u0131 s\u00fcre\u00e7lerin sona ermesi, toplumsal bar\u0131\u015f\u0131m\u0131z\u0131n sa\u011flanmas\u0131 \u00fczerine onlarca kitab\u0131 bulunan, iktidar\u0131n daha \u00f6nce defalarca g\u00f6r\u00fc\u015flerine ba\u015fvurdu\u011fu Ahmet \u00d6zer\u2019in yeri cezaevi de\u011fildir. Bir an \u00f6nce tutuksuz yarg\u0131lamaya ge\u00e7ilmeli, Ahmet \u00d6zer hem g\u00f6revine d\u00f6nmeli hem de toplumsal bar\u0131\u015f\u0131m\u0131z\u0131n sa\u011flanmas\u0131na katk\u0131da bulunabilmelidir&#8221; dedi.CHP Genel Ba\u015fkan\u0131 \u00d6zg\u00fcr \u00d6zel, &#8220;\u00c7at\u0131\u015fmal\u0131 s\u00fcre\u00e7lerin sona ermesi, toplumsal bar\u0131\u015f\u0131m\u0131z\u0131n sa\u011flanmas\u0131 \u00fczerine onlarca kitab\u0131 bulunan, iktidar\u0131n daha \u00f6nce defalarca g\u00f6r\u00fc\u015flerine ba\u015fvurdu\u011fu Ahmet \u00d6zer\u2019in yeri cezaevi de\u011fildir. Bir an \u00f6nce tutuksuz yarg\u0131lamaya ge\u00e7ilmeli, Ahmet \u00d6zer hem g\u00f6revine d\u00f6nmeli hem de toplumsal bar\u0131\u015f\u0131m\u0131z\u0131n sa\u011flanmas\u0131na katk\u0131da bulunabilmelidir&#8221; dedi.\u00a0<a href=\"https:\/\/www.cumhuriyet.com.tr\/turkiye\/ozgur-ozel-den-ahmet-ozer-cagrisi-yeri-cezaevi-degil-gorevine-donmeli-2429406\" target=\"_blank\" class=\"feedzy-rss-link-icon\">Read More<\/a><\/p>","protected":false},"excerpt":{"rendered":"<p>CHP Genel Ba\u015fkan\u0131 \u00d6zg\u00fcr \u00d6zel, &#8220;\u00c7at\u0131\u015fmal\u0131 s\u00fcre\u00e7lerin sona ermesi, toplumsal bar\u0131\u015f\u0131m\u0131z\u0131n sa\u011flanmas\u0131 \u00fczerine onlarca kitab\u0131 bulunan, iktidar\u0131n daha \u00f6nce defalarca g\u00f6r\u00fc\u015flerine ba\u015fvurdu\u011fu Ahmet \u00d6zer\u2019in yeri cezaevi de\u011fildir. Bir an \u00f6nce tutuksuz yarg\u0131lamaya ge\u00e7ilmeli, Ahmet \u00d6zer hem g\u00f6revine d\u00f6nmeli hem de toplumsal bar\u0131\u015f\u0131m\u0131z\u0131n sa\u011flanmas\u0131na katk\u0131da bulunabilmelidir&#8221; dedi.CHP Genel Ba\u015fkan\u0131 \u00d6zg\u00fcr \u00d6zel, &#8220;\u00c7at\u0131\u015fmal\u0131 s\u00fcre\u00e7lerin sona ermesi, toplumsal [&hellip;]<\/p>\n","protected":false},"author":1,"featured_media":2388,"comment_status":"open","ping_status":"open","sticky":false,"template":"","format":"standard","meta":{"footnotes":"","_links_to":"","_links_to_target":""},"categories":[1],"tags":[],"class_list":["post-2387","post","type-post","status-publish","format-standard","has-post-thumbnail","hentry","category-haberler"],"_links":{"self":[{"href":"https:\/\/www.abchukuk.com\/index.php\/wp-json\/wp\/v2\/posts\/2387","targetHints":{"allow":["GET"]}}],"collection":[{"href":"https:\/\/www.abchukuk.com\/index.php\/wp-json\/wp\/v2\/posts"}],"about":[{"href":"https:\/\/www.abchukuk.com\/index.php\/wp-json\/wp\/v2\/types\/post"}],"author":[{"embeddable":true,"href":"https:\/\/www.abchukuk.com\/index.php\/wp-json\/wp\/v2\/users\/1"}],"replies":[{"embeddable":true,"href":"https:\/\/www.abchukuk.com\/index.php\/wp-json\/wp\/v2\/comments?post=2387"}],"version-history":[{"count":0,"href":"https:\/\/www.abchukuk.com\/index.php\/wp-json\/wp\/v2\/posts\/2387\/revisions"}],"wp:featuredmedia":[{"embeddable":true,"href":"https:\/\/www.abchukuk.com\/index.php\/wp-json\/wp\/v2\/media\/2388"}],"wp:attachment":[{"href":"https:\/\/www.abchukuk.com\/index.php\/wp-json\/wp\/v2\/media?parent=2387"}],"wp:term":[{"taxonomy":"category","embeddable":true,"href":"https:\/\/www.abchukuk.com\/index.php\/wp-json\/wp\/v2\/categories?post=2387"},{"taxonomy":"post_tag","embeddable":true,"href":"https:\/\/www.abchukuk.com\/index.php\/wp-json\/wp\/v2\/tags?post=2387"}],"curies":[{"name":"wp","href":"https:\/\/api.w.org\/{rel}","templated":true}]}}