{"id":2338,"date":"2025-08-24T21:17:00","date_gmt":"2025-08-24T21:17:00","guid":{"rendered":"http:\/\/www.lopsssdoner.com\/index.php\/2025\/08\/24\/avukati-minguzzinin-davasini-ustlenmisti-sedat-pekerden-aciklama-geldi\/"},"modified":"2025-08-24T21:17:00","modified_gmt":"2025-08-24T21:17:00","slug":"avukati-minguzzinin-davasini-ustlenmisti-sedat-pekerden-aciklama-geldi","status":"publish","type":"post","link":"https:\/\/www.abchukuk.com\/index.php\/2025\/08\/24\/avukati-minguzzinin-davasini-ustlenmisti-sedat-pekerden-aciklama-geldi\/","title":{"rendered":"Avukat\u0131 Minguzzi&#8217;nin davas\u0131n\u0131 \u00fcstlenmi\u015fti: Sedat Peker\u2019den a\u00e7\u0131klama geldi"},"content":{"rendered":"<p>Organize su\u00e7 \u00f6rg\u00fct\u00fc lideri Sedat Peker\u2019in avukat\u0131 Ersan Bark\u0131n, Ahmet Minguzzi\u2019nin davas\u0131n\u0131 \u00fcstlenmi\u015fti. S\u00f6z konusu duruma ili\u015fkin bir a\u00e7\u0131klama yapan Peker, \u201cKendimi DEVLET\u0130N \u00c7OCU\u011eU olarak g\u00f6r\u00fcr\u00fcm, kabul ederim ve buna t\u00fcm kalbimle inan\u0131r\u0131m\u201d ifadelerini kulland\u0131.Organize su\u00e7 \u00f6rg\u00fct\u00fc lideri Sedat Peker\u2019in avukat\u0131 Ersan Bark\u0131n, Ahmet Minguzzi\u2019nin davas\u0131n\u0131 \u00fcstlenmi\u015fti. S\u00f6z konusu duruma ili\u015fkin bir a\u00e7\u0131klama yapan Peker, \u201cKendimi DEVLET\u0130N \u00c7OCU\u011eU olarak g\u00f6r\u00fcr\u00fcm, kabul ederim ve buna t\u00fcm kalbimle inan\u0131r\u0131m\u201d ifadelerini kulland\u0131.\u00a0<a href=\"https:\/\/www.cumhuriyet.com.tr\/turkiye\/avukati-minguzzi-nin-davasini-ustlenmisti-sedat-peker-den-aciklama-geldi-2429148\" target=\"_blank\" class=\"feedzy-rss-link-icon\">Read More<\/a><\/p>","protected":false},"excerpt":{"rendered":"<p>Organize su\u00e7 \u00f6rg\u00fct\u00fc lideri Sedat Peker\u2019in avukat\u0131 Ersan Bark\u0131n, Ahmet Minguzzi\u2019nin davas\u0131n\u0131 \u00fcstlenmi\u015fti. S\u00f6z konusu duruma ili\u015fkin bir a\u00e7\u0131klama yapan Peker, \u201cKendimi DEVLET\u0130N \u00c7OCU\u011eU olarak g\u00f6r\u00fcr\u00fcm, kabul ederim ve buna t\u00fcm kalbimle inan\u0131r\u0131m\u201d ifadelerini kulland\u0131.Organize su\u00e7 \u00f6rg\u00fct\u00fc lideri Sedat Peker\u2019in avukat\u0131 Ersan Bark\u0131n, Ahmet Minguzzi\u2019nin davas\u0131n\u0131 \u00fcstlenmi\u015fti. S\u00f6z konusu duruma ili\u015fkin bir a\u00e7\u0131klama yapan Peker, [&hellip;]<\/p>\n","protected":false},"author":1,"featured_media":2339,"comment_status":"open","ping_status":"open","sticky":false,"template":"","format":"standard","meta":{"footnotes":"","_links_to":"","_links_to_target":""},"categories":[1],"tags":[],"class_list":["post-2338","post","type-post","status-publish","format-standard","has-post-thumbnail","hentry","category-haberler"],"_links":{"self":[{"href":"https:\/\/www.abchukuk.com\/index.php\/wp-json\/wp\/v2\/posts\/2338","targetHints":{"allow":["GET"]}}],"collection":[{"href":"https:\/\/www.abchukuk.com\/index.php\/wp-json\/wp\/v2\/posts"}],"about":[{"href":"https:\/\/www.abchukuk.com\/index.php\/wp-json\/wp\/v2\/types\/post"}],"author":[{"embeddable":true,"href":"https:\/\/www.abchukuk.com\/index.php\/wp-json\/wp\/v2\/users\/1"}],"replies":[{"embeddable":true,"href":"https:\/\/www.abchukuk.com\/index.php\/wp-json\/wp\/v2\/comments?post=2338"}],"version-history":[{"count":0,"href":"https:\/\/www.abchukuk.com\/index.php\/wp-json\/wp\/v2\/posts\/2338\/revisions"}],"wp:featuredmedia":[{"embeddable":true,"href":"https:\/\/www.abchukuk.com\/index.php\/wp-json\/wp\/v2\/media\/2339"}],"wp:attachment":[{"href":"https:\/\/www.abchukuk.com\/index.php\/wp-json\/wp\/v2\/media?parent=2338"}],"wp:term":[{"taxonomy":"category","embeddable":true,"href":"https:\/\/www.abchukuk.com\/index.php\/wp-json\/wp\/v2\/categories?post=2338"},{"taxonomy":"post_tag","embeddable":true,"href":"https:\/\/www.abchukuk.com\/index.php\/wp-json\/wp\/v2\/tags?post=2338"}],"curies":[{"name":"wp","href":"https:\/\/api.w.org\/{rel}","templated":true}]}}