{"id":2335,"date":"2025-08-24T17:49:00","date_gmt":"2025-08-24T17:49:00","guid":{"rendered":"http:\/\/www.lopsssdoner.com\/index.php\/2025\/08\/24\/adanadan-siliviriye-yuruyen-chpli-gencler-ankaraya-ulasti-ulkemize-adalet-ve-ozgurluk-gelene-kadar-mucadelemize-devam-edecegiz\/"},"modified":"2025-08-24T17:49:00","modified_gmt":"2025-08-24T17:49:00","slug":"adanadan-siliviriye-yuruyen-chpli-gencler-ankaraya-ulasti-ulkemize-adalet-ve-ozgurluk-gelene-kadar-mucadelemize-devam-edecegiz","status":"publish","type":"post","link":"https:\/\/www.abchukuk.com\/index.php\/2025\/08\/24\/adanadan-siliviriye-yuruyen-chpli-gencler-ankaraya-ulasti-ulkemize-adalet-ve-ozgurluk-gelene-kadar-mucadelemize-devam-edecegiz\/","title":{"rendered":"Adana\u2019dan, Siliviri\u2019ye y\u00fcr\u00fcyen CHP\u2019li gen\u00e7ler Ankara\u2019ya ula\u015ft\u0131&#8230; \u2018\u00dclkemize adalet ve \u00f6zg\u00fcrl\u00fck gelene kadar m\u00fccadelemize devam edece\u011fiz\u2019"},"content":{"rendered":"<p>CHP\u2019li gen\u00e7ler, CHP\u2019li belediyelere y\u00f6nelik operasyonlara tepki g\u00f6stermek amac\u0131yla ba\u015flatt\u0131klar\u0131 &#8221;Adana\u2019dan Silivri\u2019ye \u00f6zg\u00fcrl\u00fck\u2019\u2019 y\u00fcr\u00fcy\u00fc\u015f\u00fcnde 488 km katederek Ankara\u2019ya ula\u015ft\u0131. CHP Sar\u0131\u00e7am Gen\u00e7lik Kollar\u0131 Ba\u015fkan\u0131 Ferhat Narbuno\u011flu, y\u00fcr\u00fcy\u00fc\u015flerinin T\u00fcrk siyasi tarihindeki en uzun y\u00fcr\u00fcy\u00fc\u015f oldu\u011funu s\u00f6yleyerek, &#8221;\u00dclkemize adalet ve \u00f6zg\u00fcrl\u00fck gelene kadar m\u00fccadelemize devam edece\u011fiz\u2019\u2019 dedi.CHP\u2019li gen\u00e7ler, CHP\u2019li belediyelere y\u00f6nelik operasyonlara tepki g\u00f6stermek amac\u0131yla ba\u015flatt\u0131klar\u0131 &#8221;Adana\u2019dan Silivri\u2019ye \u00f6zg\u00fcrl\u00fck\u2019\u2019 y\u00fcr\u00fcy\u00fc\u015f\u00fcnde 488 km katederek Ankara\u2019ya ula\u015ft\u0131. CHP Sar\u0131\u00e7am Gen\u00e7lik Kollar\u0131 Ba\u015fkan\u0131 Ferhat Narbuno\u011flu, y\u00fcr\u00fcy\u00fc\u015flerinin T\u00fcrk siyasi tarihindeki en uzun y\u00fcr\u00fcy\u00fc\u015f oldu\u011funu s\u00f6yleyerek, &#8221;\u00dclkemize adalet ve \u00f6zg\u00fcrl\u00fck gelene kadar m\u00fccadelemize devam edece\u011fiz\u2019\u2019 dedi.\u00a0<a href=\"https:\/\/www.cumhuriyet.com.tr\/turkiye\/adana-dan-siliviri-ye-yuruyen-chp-li-gencler-ankara-ya-ulasti-ulkemize-adalet-ve-ozgurluk-gelene-kadar-mucadelemize-devam-edecegiz-2429103\" target=\"_blank\" class=\"feedzy-rss-link-icon\">Read More<\/a><\/p>","protected":false},"excerpt":{"rendered":"<p>CHP\u2019li gen\u00e7ler, CHP\u2019li belediyelere y\u00f6nelik operasyonlara tepki g\u00f6stermek amac\u0131yla ba\u015flatt\u0131klar\u0131 &#8221;Adana\u2019dan Silivri\u2019ye \u00f6zg\u00fcrl\u00fck\u2019\u2019 y\u00fcr\u00fcy\u00fc\u015f\u00fcnde 488 km katederek Ankara\u2019ya ula\u015ft\u0131. CHP Sar\u0131\u00e7am Gen\u00e7lik Kollar\u0131 Ba\u015fkan\u0131 Ferhat Narbuno\u011flu, y\u00fcr\u00fcy\u00fc\u015flerinin T\u00fcrk siyasi tarihindeki en uzun y\u00fcr\u00fcy\u00fc\u015f oldu\u011funu s\u00f6yleyerek, &#8221;\u00dclkemize adalet ve \u00f6zg\u00fcrl\u00fck gelene kadar m\u00fccadelemize devam edece\u011fiz\u2019\u2019 dedi.CHP\u2019li gen\u00e7ler, CHP\u2019li belediyelere y\u00f6nelik operasyonlara tepki g\u00f6stermek amac\u0131yla ba\u015flatt\u0131klar\u0131 &#8221;Adana\u2019dan [&hellip;]<\/p>\n","protected":false},"author":1,"featured_media":2336,"comment_status":"open","ping_status":"open","sticky":false,"template":"","format":"standard","meta":{"footnotes":"","_links_to":"","_links_to_target":""},"categories":[1],"tags":[],"class_list":["post-2335","post","type-post","status-publish","format-standard","has-post-thumbnail","hentry","category-haberler"],"_links":{"self":[{"href":"https:\/\/www.abchukuk.com\/index.php\/wp-json\/wp\/v2\/posts\/2335","targetHints":{"allow":["GET"]}}],"collection":[{"href":"https:\/\/www.abchukuk.com\/index.php\/wp-json\/wp\/v2\/posts"}],"about":[{"href":"https:\/\/www.abchukuk.com\/index.php\/wp-json\/wp\/v2\/types\/post"}],"author":[{"embeddable":true,"href":"https:\/\/www.abchukuk.com\/index.php\/wp-json\/wp\/v2\/users\/1"}],"replies":[{"embeddable":true,"href":"https:\/\/www.abchukuk.com\/index.php\/wp-json\/wp\/v2\/comments?post=2335"}],"version-history":[{"count":0,"href":"https:\/\/www.abchukuk.com\/index.php\/wp-json\/wp\/v2\/posts\/2335\/revisions"}],"wp:featuredmedia":[{"embeddable":true,"href":"https:\/\/www.abchukuk.com\/index.php\/wp-json\/wp\/v2\/media\/2336"}],"wp:attachment":[{"href":"https:\/\/www.abchukuk.com\/index.php\/wp-json\/wp\/v2\/media?parent=2335"}],"wp:term":[{"taxonomy":"category","embeddable":true,"href":"https:\/\/www.abchukuk.com\/index.php\/wp-json\/wp\/v2\/categories?post=2335"},{"taxonomy":"post_tag","embeddable":true,"href":"https:\/\/www.abchukuk.com\/index.php\/wp-json\/wp\/v2\/tags?post=2335"}],"curies":[{"name":"wp","href":"https:\/\/api.w.org\/{rel}","templated":true}]}}