{"id":2332,"date":"2025-08-24T16:59:42","date_gmt":"2025-08-24T16:59:42","guid":{"rendered":"http:\/\/www.lopsssdoner.com\/index.php\/2025\/08\/24\/denizli-pamukkaledeki-orman-yangini-kontrol-altina-alindi-gozaltina-alinan-bir-kisi-serbest-birakildi\/"},"modified":"2025-08-24T16:59:42","modified_gmt":"2025-08-24T16:59:42","slug":"denizli-pamukkaledeki-orman-yangini-kontrol-altina-alindi-gozaltina-alinan-bir-kisi-serbest-birakildi","status":"publish","type":"post","link":"https:\/\/www.abchukuk.com\/index.php\/2025\/08\/24\/denizli-pamukkaledeki-orman-yangini-kontrol-altina-alindi-gozaltina-alinan-bir-kisi-serbest-birakildi\/","title":{"rendered":"Denizli Pamukkale&#8217;deki orman yang\u0131n\u0131 kontrol alt\u0131na al\u0131nd\u0131: G\u00f6zalt\u0131na al\u0131nan bir ki\u015fi serbest b\u0131rak\u0131ld\u0131"},"content":{"rendered":"<p>Denizli\u2019nin Pamukkale il\u00e7esinde \u00e7\u0131kan orman yang\u0131n\u0131yla ilgili g\u00f6zalt\u0131na al\u0131nan bir \u015f\u00fcpheli, adli kontrol \u015fart\u0131yla serbest b\u0131rak\u0131ld\u0131. Yang\u0131n ekiplerin havadan ve karadan m\u00fcdahalesiyle kontrol alt\u0131na al\u0131nd\u0131\u011f\u0131 duyuruldu.Denizli\u2019nin Pamukkale il\u00e7esinde \u00e7\u0131kan orman yang\u0131n\u0131yla ilgili g\u00f6zalt\u0131na al\u0131nan bir \u015f\u00fcpheli, adli kontrol \u015fart\u0131yla serbest b\u0131rak\u0131ld\u0131. Yang\u0131n ekiplerin havadan ve karadan m\u00fcdahalesiyle kontrol alt\u0131na al\u0131nd\u0131\u011f\u0131 duyuruldu.\u00a0<a href=\"https:\/\/anlatilaninotesi.com.tr\/20250824\/denizlideki-orman-yanginiyla-ilgili-gozaltina-alinan-bir-kisi-adli-kontrol-sartiyla-serbest-1098799131.html\" target=\"_blank\" class=\"feedzy-rss-link-icon\">Read More<\/a><\/p>","protected":false},"excerpt":{"rendered":"<p>Denizli\u2019nin Pamukkale il\u00e7esinde \u00e7\u0131kan orman yang\u0131n\u0131yla ilgili g\u00f6zalt\u0131na al\u0131nan bir \u015f\u00fcpheli, adli kontrol \u015fart\u0131yla serbest b\u0131rak\u0131ld\u0131. Yang\u0131n ekiplerin havadan ve karadan m\u00fcdahalesiyle kontrol alt\u0131na al\u0131nd\u0131\u011f\u0131 duyuruldu.Denizli\u2019nin Pamukkale il\u00e7esinde \u00e7\u0131kan orman yang\u0131n\u0131yla ilgili g\u00f6zalt\u0131na al\u0131nan bir \u015f\u00fcpheli, adli kontrol \u015fart\u0131yla serbest b\u0131rak\u0131ld\u0131. Yang\u0131n ekiplerin havadan ve karadan m\u00fcdahalesiyle kontrol alt\u0131na al\u0131nd\u0131\u011f\u0131 duyuruldu.\u00a0Read More<\/p>\n","protected":false},"author":1,"featured_media":0,"comment_status":"open","ping_status":"open","sticky":false,"template":"","format":"standard","meta":{"footnotes":"","_links_to":"","_links_to_target":""},"categories":[1],"tags":[],"class_list":["post-2332","post","type-post","status-publish","format-standard","hentry","category-haberler"],"_links":{"self":[{"href":"https:\/\/www.abchukuk.com\/index.php\/wp-json\/wp\/v2\/posts\/2332","targetHints":{"allow":["GET"]}}],"collection":[{"href":"https:\/\/www.abchukuk.com\/index.php\/wp-json\/wp\/v2\/posts"}],"about":[{"href":"https:\/\/www.abchukuk.com\/index.php\/wp-json\/wp\/v2\/types\/post"}],"author":[{"embeddable":true,"href":"https:\/\/www.abchukuk.com\/index.php\/wp-json\/wp\/v2\/users\/1"}],"replies":[{"embeddable":true,"href":"https:\/\/www.abchukuk.com\/index.php\/wp-json\/wp\/v2\/comments?post=2332"}],"version-history":[{"count":0,"href":"https:\/\/www.abchukuk.com\/index.php\/wp-json\/wp\/v2\/posts\/2332\/revisions"}],"wp:attachment":[{"href":"https:\/\/www.abchukuk.com\/index.php\/wp-json\/wp\/v2\/media?parent=2332"}],"wp:term":[{"taxonomy":"category","embeddable":true,"href":"https:\/\/www.abchukuk.com\/index.php\/wp-json\/wp\/v2\/categories?post=2332"},{"taxonomy":"post_tag","embeddable":true,"href":"https:\/\/www.abchukuk.com\/index.php\/wp-json\/wp\/v2\/tags?post=2332"}],"curies":[{"name":"wp","href":"https:\/\/api.w.org\/{rel}","templated":true}]}}