{"id":23211,"date":"2026-03-15T09:29:51","date_gmt":"2026-03-15T09:29:51","guid":{"rendered":"https:\/\/www.abchukuk.com\/index.php\/2026\/03\/15\/adalet-bakani-akin-gurlekten-islamofobi-aciklamasi-kararlilikla-reddedilmelidir\/"},"modified":"2026-03-15T09:29:51","modified_gmt":"2026-03-15T09:29:51","slug":"adalet-bakani-akin-gurlekten-islamofobi-aciklamasi-kararlilikla-reddedilmelidir","status":"publish","type":"post","link":"https:\/\/www.abchukuk.com\/index.php\/2026\/03\/15\/adalet-bakani-akin-gurlekten-islamofobi-aciklamasi-kararlilikla-reddedilmelidir\/","title":{"rendered":"Adalet Bakan\u0131 Ak\u0131n G\u00fcrlek&#8217;ten \u0130slamofobi A\u00e7\u0131klamas\u0131: Kararl\u0131l\u0131kla Reddedilmelidir"},"content":{"rendered":"<p><a href=\"https:\/\/www.gercekgundem.com\/guncel\/adalet-bakani-akin-gurlekten-islamofobi-aciklamasi-kararlilikla-reddedilmelidir-568108\"><br \/>\n                                                            <img decoding=\"async\" src=\"https:\/\/i.gercekgundem.com\/2\/150\/84\/storage\/files\/images\/2026\/03\/15\/adalet-bakani-akin-gurlekten-islamofobi-aciklamasi-kararlilikla-reddedilmelidir-wder.jpg\" width=\"150\" height=\"84\" border=\"0\" align=\"right\" \/><br \/>\n                                                    <\/a><\/p>\n<h4>Adalet Bakan\u0131 Ak\u0131n G\u00fcrlek &#8217;15 Mart Uluslararas\u0131 \u0130slamofobi ile M\u00fccadele G\u00fcn\u00fc&#8217; kapsam\u0131nda sosyal medyadan bir a\u00e7\u0131klama payla\u015ft\u0131. G\u00fcrlek payla\u015f\u0131m\u0131nda, &#8220;Bir insan\u0131n inanc\u0131, kimli\u011fi veya k\u00fclt\u00fcr\u00fc nedeniyle hedef al\u0131nmas\u0131; ibadet mekanlar\u0131n\u0131n, sembollerinin ve de\u011ferlerinin a\u015fa\u011f\u0131lanmas\u0131 insan onuruyla ba\u011fda\u015fmaz. \u0130slam\u2019a ve M\u00fcsl\u00fcmanlara y\u00f6nelik d\u00fc\u015fmanl\u0131k kararl\u0131l\u0131kla reddedilmelidir&#8221; dedi.<\/h4>\n<p>Adalet Bakan\u0131 Ak\u0131n G\u00fcrlek &#8217;15 Mart Uluslararas\u0131 \u0130slamofobi ile M\u00fccadele G\u00fcn\u00fc&#8217; kapsam\u0131nda sosyal medyadan bir a\u00e7\u0131klama payla\u015ft\u0131. G\u00fcrlek payla\u015f\u0131m\u0131nda, &#8220;Bir insan\u0131n inanc\u0131, kimli\u011fi veya k\u00fclt\u00fcr\u00fc nedeniyle hedef al\u0131nmas\u0131; ibadet mekanlar\u0131n\u0131n, sembollerinin ve de\u011ferlerinin a\u015fa\u011f\u0131lanmas\u0131 insan onuruyla ba\u011fda\u015fmaz. \u0130slam\u2019a ve M\u00fcsl\u00fcmanlara y\u00f6nelik d\u00fc\u015fmanl\u0131k kararl\u0131l\u0131kla reddedilmelidir&#8221; dedi.\u00a0<a href=\"https:\/\/www.gercekgundem.com\/guncel\/adalet-bakani-akin-gurlekten-islamofobi-aciklamasi-kararlilikla-reddedilmelidir-568108\" target=\"_blank\" class=\"feedzy-rss-link-icon\">Read More<\/a><\/p>","protected":false},"excerpt":{"rendered":"<p>Adalet Bakan\u0131 Ak\u0131n G\u00fcrlek &#8217;15 Mart Uluslararas\u0131 \u0130slamofobi ile M\u00fccadele G\u00fcn\u00fc&#8217; kapsam\u0131nda sosyal medyadan bir a\u00e7\u0131klama payla\u015ft\u0131. G\u00fcrlek payla\u015f\u0131m\u0131nda, &#8220;Bir insan\u0131n inanc\u0131, kimli\u011fi veya k\u00fclt\u00fcr\u00fc nedeniyle hedef al\u0131nmas\u0131; ibadet mekanlar\u0131n\u0131n, sembollerinin ve de\u011ferlerinin a\u015fa\u011f\u0131lanmas\u0131 insan onuruyla ba\u011fda\u015fmaz. \u0130slam\u2019a ve M\u00fcsl\u00fcmanlara y\u00f6nelik d\u00fc\u015fmanl\u0131k kararl\u0131l\u0131kla reddedilmelidir&#8221; dedi. Adalet Bakan\u0131 Ak\u0131n G\u00fcrlek &#8217;15 Mart Uluslararas\u0131 \u0130slamofobi ile M\u00fccadele [&hellip;]<\/p>\n","protected":false},"author":1,"featured_media":23212,"comment_status":"open","ping_status":"open","sticky":false,"template":"","format":"standard","meta":{"footnotes":"","_links_to":"","_links_to_target":""},"categories":[1],"tags":[],"class_list":["post-23211","post","type-post","status-publish","format-standard","has-post-thumbnail","hentry","category-haberler"],"_links":{"self":[{"href":"https:\/\/www.abchukuk.com\/index.php\/wp-json\/wp\/v2\/posts\/23211","targetHints":{"allow":["GET"]}}],"collection":[{"href":"https:\/\/www.abchukuk.com\/index.php\/wp-json\/wp\/v2\/posts"}],"about":[{"href":"https:\/\/www.abchukuk.com\/index.php\/wp-json\/wp\/v2\/types\/post"}],"author":[{"embeddable":true,"href":"https:\/\/www.abchukuk.com\/index.php\/wp-json\/wp\/v2\/users\/1"}],"replies":[{"embeddable":true,"href":"https:\/\/www.abchukuk.com\/index.php\/wp-json\/wp\/v2\/comments?post=23211"}],"version-history":[{"count":0,"href":"https:\/\/www.abchukuk.com\/index.php\/wp-json\/wp\/v2\/posts\/23211\/revisions"}],"wp:featuredmedia":[{"embeddable":true,"href":"https:\/\/www.abchukuk.com\/index.php\/wp-json\/wp\/v2\/media\/23212"}],"wp:attachment":[{"href":"https:\/\/www.abchukuk.com\/index.php\/wp-json\/wp\/v2\/media?parent=23211"}],"wp:term":[{"taxonomy":"category","embeddable":true,"href":"https:\/\/www.abchukuk.com\/index.php\/wp-json\/wp\/v2\/categories?post=23211"},{"taxonomy":"post_tag","embeddable":true,"href":"https:\/\/www.abchukuk.com\/index.php\/wp-json\/wp\/v2\/tags?post=23211"}],"curies":[{"name":"wp","href":"https:\/\/api.w.org\/{rel}","templated":true}]}}