{"id":23199,"date":"2026-03-15T08:49:06","date_gmt":"2026-03-15T08:49:06","guid":{"rendered":"https:\/\/www.abchukuk.com\/index.php\/2026\/03\/15\/adalet-bakani-gurlek-mesele-islamofobi-degil-islam-karsitligi-ve-islam-dusmanligidir\/"},"modified":"2026-03-15T08:49:06","modified_gmt":"2026-03-15T08:49:06","slug":"adalet-bakani-gurlek-mesele-islamofobi-degil-islam-karsitligi-ve-islam-dusmanligidir","status":"publish","type":"post","link":"https:\/\/www.abchukuk.com\/index.php\/2026\/03\/15\/adalet-bakani-gurlek-mesele-islamofobi-degil-islam-karsitligi-ve-islam-dusmanligidir\/","title":{"rendered":"Adalet Bakan\u0131 G\u00fcrlek: \u201cMesele \u0130slamofobi De\u011fil, \u0130slam Kar\u015f\u0131tl\u0131\u011f\u0131 ve \u0130slam D\u00fc\u015fmanl\u0131\u011f\u0131d\u0131r\u201d"},"content":{"rendered":"<p class=\"p1\">Adalet Bakan\u0131 Ak\u0131n G\u00fcrlek, Uluslararas\u0131 \u0130slamofobi ile M\u00fccadele G\u00fcn\u00fc dolay\u0131s\u0131yla yapt\u0131\u011f\u0131 a\u00e7\u0131klamada, d\u00fcnya genelinde M\u00fcsl\u00fcmanlara y\u00f6nelik ayr\u0131mc\u0131 tutumlar\u0131n yaln\u0131zca \u201ckorku\u201d kavram\u0131yla a\u00e7\u0131klanamayaca\u011f\u0131n\u0131 belirterek dikkat \u00e7eken de\u011ferlendirmelerde bulundu.<\/p>\n<p class=\"p1\"><span class=\"s2\">Uluslararas\u0131 platformlarda s\u0131k\u00e7a kullan\u0131lan \u201c\u0130slamofobi\u201d kavram\u0131n\u0131n ya\u015fanan sorunun ger\u00e7ek boyutunu tam olarak ifade etmedi\u011fini dile getiren Bakan G\u00fcrlek, \u201cfobi\u201d kelimesinin bir korkuyu tan\u0131mlad\u0131\u011f\u0131n\u0131 hat\u0131rlatt\u0131; ancak d\u00fcnyan\u0131n bir\u00e7ok yerinde M\u00fcsl\u00fcmanlara y\u00f6nelen tutumun korkudan ziyade \u0130slam\u2019a, M\u00fcsl\u00fcman kimli\u011fine ve \u0130slam medeniyetine y\u00f6nelik sistematik bir kar\u015f\u0131tl\u0131k ve d\u0131\u015flama bi\u00e7imi olarak ortaya \u00e7\u0131kt\u0131\u011f\u0131n\u0131 ifade etti.<\/span><\/p>\n<p class=\"p1\"><span class=\"s2\">Bakan G\u00fcrlek, bu nedenle meselenin \u00e7o\u011fu zaman yaln\u0131zca bir korku de\u011fil, \u0130slam kar\u015f\u0131tl\u0131\u011f\u0131 ve \u0130slam d\u00fc\u015fmanl\u0131\u011f\u0131 oldu\u011funu vurgulad\u0131. Adalet Bakan\u0131 a\u00e7\u0131klamas\u0131nda, \u201cMinarelerden, ba\u015f\u00f6rt\u00fcs\u00fcnden ya da bir inanc\u0131n kamusal g\u00f6r\u00fcn\u00fcrl\u00fc\u011f\u00fcnden rahats\u0131zl\u0131k duymak korku ile a\u00e7\u0131klanabilecek bir tutum de\u011fildir\u201d ifadelerini kulland\u0131.<\/span><\/p>\n<p class=\"p1\"><span class=\"s2\">\u0130nan\u00e7, kimlik ya da k\u00fclt\u00fcr nedeniyle insanlar\u0131n hedef al\u0131nmas\u0131n\u0131n insan onuruyla ba\u011fda\u015fmad\u0131\u011f\u0131n\u0131 belirten Bakan G\u00fcrlek, ibadet mek\u00e2nlar\u0131n\u0131n, dini sembollerin ve de\u011ferlerin a\u015fa\u011f\u0131lanmas\u0131n\u0131n kabul edilemez oldu\u011funu dile getirdi. Bakan G\u00fcrlek, \u0130slam\u2019a ve M\u00fcsl\u00fcmanlara y\u00f6nelik d\u00fc\u015fmanl\u0131\u011f\u0131n kararl\u0131l\u0131kla reddedilmesi gerekti\u011fini s\u00f6yledi.<\/span><\/p>\n<p class=\"p1\"><span class=\"s2\">Toplumlar\u0131n bar\u0131\u015f\u0131n\u0131 tehdit eden \u0131rk\u00e7\u0131l\u0131k ve ayr\u0131mc\u0131l\u0131kla m\u00fccadelenin ortak sorumluluk oldu\u011funu belirten Adalet Bakan\u0131 G\u00fcrlek, farkl\u0131l\u0131klar\u0131 zenginlik olarak g\u00f6ren, insan onurunu esas alan ve kar\u015f\u0131l\u0131kl\u0131 sayg\u0131y\u0131 merkeze alan bir anlay\u0131\u015f\u0131n g\u00fc\u00e7lendirilmesi gerekti\u011fine dikkat \u00e7ekti.<\/span><\/p>\n<p class=\"p1\"><span class=\"s2\">T\u00fcrkiye\u2019nin her t\u00fcrl\u00fc ayr\u0131mc\u0131l\u0131\u011fa kar\u015f\u0131 kararl\u0131 bir duru\u015f sergiledi\u011fini ifade eden Bakan G\u00fcrlek, \u0130slam kar\u015f\u0131tl\u0131\u011f\u0131na, \u0131rk\u00e7\u0131l\u0131\u011fa, yabanc\u0131 d\u00fc\u015fmanl\u0131\u011f\u0131na ve nefret s\u00f6ylemine kar\u015f\u0131 insan onurunu, e\u015fitli\u011fi ve hukukun \u00fcst\u00fcnl\u00fc\u011f\u00fcn\u00fc savunmaya devam edeceklerini kaydetti.<\/span><\/p>\n<p><a href=\"https:\/\/www.son.tv\/wp-content\/uploads\/2026\/03\/IMG_5990.jpeg\"><img fetchpriority=\"high\" decoding=\"async\" class=\"alignnone size-large wp-image-169429\" src=\"https:\/\/www.son.tv\/wp-content\/uploads\/2026\/03\/IMG_5990-819x1024.jpeg\" alt=\"\" width=\"819\" height=\"1024\" \/><\/a><\/p>\n<p>Uluslararas\u0131 \u201c\u0130slamofobi\u201d ile M\u00fccadele G\u00fcn\u00fc dolay\u0131s\u0131yla a\u00e7\u0131klama yapan Adalet Bakan\u0131 Ak\u0131n G\u00fcrlek, \u201cfobi\u201d kavram\u0131n\u0131n ya\u015fanan sorunu tam olarak tan\u0131mlamad\u0131\u011f\u0131n\u0131 belirterek M\u00fcsl\u00fcmanlara y\u00f6nelik tutumun \u00e7o\u011fu zaman korkudan de\u011fil sistematik bir kar\u015f\u0131tl\u0131k ve d\u00fc\u015fmanl\u0131ktan kaynakland\u0131\u011f\u0131n\u0131 vurgulad\u0131. G\u00fcrlek, minareden ya da ba\u015f\u00f6rt\u00fcs\u00fcnden rahats\u0131zl\u0131k duyman\u0131n \u201ckorku\u201d ile a\u00e7\u0131klanamayaca\u011f\u0131n\u0131 s\u00f6yledi.\u00a0<a href=\"https:\/\/www.son.tv\/adalet-bakani-gurlek-mesele-islamofobi-degil-islam-karsitligi-ve-islam-dusmanligidir\/\" target=\"_blank\" class=\"feedzy-rss-link-icon\">Read More<\/a><\/p>","protected":false},"excerpt":{"rendered":"<p>Adalet Bakan\u0131 Ak\u0131n G\u00fcrlek, Uluslararas\u0131 \u0130slamofobi ile M\u00fccadele G\u00fcn\u00fc dolay\u0131s\u0131yla yapt\u0131\u011f\u0131 a\u00e7\u0131klamada, d\u00fcnya genelinde M\u00fcsl\u00fcmanlara y\u00f6nelik ayr\u0131mc\u0131 tutumlar\u0131n yaln\u0131zca \u201ckorku\u201d kavram\u0131yla a\u00e7\u0131klanamayaca\u011f\u0131n\u0131 belirterek dikkat \u00e7eken de\u011ferlendirmelerde bulundu. Uluslararas\u0131 platformlarda s\u0131k\u00e7a kullan\u0131lan \u201c\u0130slamofobi\u201d kavram\u0131n\u0131n ya\u015fanan sorunun ger\u00e7ek boyutunu tam olarak ifade etmedi\u011fini dile getiren Bakan G\u00fcrlek, \u201cfobi\u201d kelimesinin bir korkuyu tan\u0131mlad\u0131\u011f\u0131n\u0131 hat\u0131rlatt\u0131; ancak d\u00fcnyan\u0131n bir\u00e7ok yerinde [&hellip;]<\/p>\n","protected":false},"author":1,"featured_media":23200,"comment_status":"open","ping_status":"open","sticky":false,"template":"","format":"standard","meta":{"footnotes":"","_links_to":"","_links_to_target":""},"categories":[1],"tags":[],"class_list":["post-23199","post","type-post","status-publish","format-standard","has-post-thumbnail","hentry","category-haberler"],"_links":{"self":[{"href":"https:\/\/www.abchukuk.com\/index.php\/wp-json\/wp\/v2\/posts\/23199","targetHints":{"allow":["GET"]}}],"collection":[{"href":"https:\/\/www.abchukuk.com\/index.php\/wp-json\/wp\/v2\/posts"}],"about":[{"href":"https:\/\/www.abchukuk.com\/index.php\/wp-json\/wp\/v2\/types\/post"}],"author":[{"embeddable":true,"href":"https:\/\/www.abchukuk.com\/index.php\/wp-json\/wp\/v2\/users\/1"}],"replies":[{"embeddable":true,"href":"https:\/\/www.abchukuk.com\/index.php\/wp-json\/wp\/v2\/comments?post=23199"}],"version-history":[{"count":0,"href":"https:\/\/www.abchukuk.com\/index.php\/wp-json\/wp\/v2\/posts\/23199\/revisions"}],"wp:featuredmedia":[{"embeddable":true,"href":"https:\/\/www.abchukuk.com\/index.php\/wp-json\/wp\/v2\/media\/23200"}],"wp:attachment":[{"href":"https:\/\/www.abchukuk.com\/index.php\/wp-json\/wp\/v2\/media?parent=23199"}],"wp:term":[{"taxonomy":"category","embeddable":true,"href":"https:\/\/www.abchukuk.com\/index.php\/wp-json\/wp\/v2\/categories?post=23199"},{"taxonomy":"post_tag","embeddable":true,"href":"https:\/\/www.abchukuk.com\/index.php\/wp-json\/wp\/v2\/tags?post=23199"}],"curies":[{"name":"wp","href":"https:\/\/api.w.org\/{rel}","templated":true}]}}