{"id":23185,"date":"2026-03-15T01:00:00","date_gmt":"2026-03-15T01:00:00","guid":{"rendered":"https:\/\/www.abchukuk.com\/index.php\/2026\/03\/15\/iddianamede-imzasi-olan-savci-da-katildi\/"},"modified":"2026-03-15T01:00:00","modified_gmt":"2026-03-15T01:00:00","slug":"iddianamede-imzasi-olan-savci-da-katildi","status":"publish","type":"post","link":"https:\/\/www.abchukuk.com\/index.php\/2026\/03\/15\/iddianamede-imzasi-olan-savci-da-katildi\/","title":{"rendered":"\u0130ddianamede imzas\u0131 olan savc\u0131 da kat\u0131ld\u0131"},"content":{"rendered":"<p>Antalya B\u00fcy\u00fck\u015fehir Belediyesi\u2019nin 11 Mart\u2019taki iftar program\u0131na, belediye ba\u015fkan\u0131 Muhittin B\u00f6cek\u2019i tutuklatan iddianamede imzas\u0131 bulunan ba\u015fsavc\u0131 vekili Mehmet Akif Kat\u0131rc\u0131\u2019n\u0131n kat\u0131lmas\u0131 dikkat \u00e7ekti.Antalya B\u00fcy\u00fck\u015fehir Belediyesi\u2019nin 11 Mart\u2019taki iftar program\u0131na, belediye ba\u015fkan\u0131 Muhittin B\u00f6cek\u2019i tutuklatan iddianamede imzas\u0131 bulunan ba\u015fsavc\u0131 vekili Mehmet Akif Kat\u0131rc\u0131\u2019n\u0131n kat\u0131lmas\u0131 dikkat \u00e7ekti.\u00a0<a href=\"https:\/\/www.cumhuriyet.com.tr\/turkiye\/iddianamede-imzasi-olan-savci-da-katildi-2486907\" target=\"_blank\" class=\"feedzy-rss-link-icon\">Read More<\/a><\/p>","protected":false},"excerpt":{"rendered":"<p>Antalya B\u00fcy\u00fck\u015fehir Belediyesi\u2019nin 11 Mart\u2019taki iftar program\u0131na, belediye ba\u015fkan\u0131 Muhittin B\u00f6cek\u2019i tutuklatan iddianamede imzas\u0131 bulunan ba\u015fsavc\u0131 vekili Mehmet Akif Kat\u0131rc\u0131\u2019n\u0131n kat\u0131lmas\u0131 dikkat \u00e7ekti.Antalya B\u00fcy\u00fck\u015fehir Belediyesi\u2019nin 11 Mart\u2019taki iftar program\u0131na, belediye ba\u015fkan\u0131 Muhittin B\u00f6cek\u2019i tutuklatan iddianamede imzas\u0131 bulunan ba\u015fsavc\u0131 vekili Mehmet Akif Kat\u0131rc\u0131\u2019n\u0131n kat\u0131lmas\u0131 dikkat \u00e7ekti.\u00a0Read More<\/p>\n","protected":false},"author":1,"featured_media":23186,"comment_status":"open","ping_status":"open","sticky":false,"template":"","format":"standard","meta":{"footnotes":"","_links_to":"","_links_to_target":""},"categories":[1],"tags":[],"class_list":["post-23185","post","type-post","status-publish","format-standard","has-post-thumbnail","hentry","category-haberler"],"_links":{"self":[{"href":"https:\/\/www.abchukuk.com\/index.php\/wp-json\/wp\/v2\/posts\/23185","targetHints":{"allow":["GET"]}}],"collection":[{"href":"https:\/\/www.abchukuk.com\/index.php\/wp-json\/wp\/v2\/posts"}],"about":[{"href":"https:\/\/www.abchukuk.com\/index.php\/wp-json\/wp\/v2\/types\/post"}],"author":[{"embeddable":true,"href":"https:\/\/www.abchukuk.com\/index.php\/wp-json\/wp\/v2\/users\/1"}],"replies":[{"embeddable":true,"href":"https:\/\/www.abchukuk.com\/index.php\/wp-json\/wp\/v2\/comments?post=23185"}],"version-history":[{"count":0,"href":"https:\/\/www.abchukuk.com\/index.php\/wp-json\/wp\/v2\/posts\/23185\/revisions"}],"wp:featuredmedia":[{"embeddable":true,"href":"https:\/\/www.abchukuk.com\/index.php\/wp-json\/wp\/v2\/media\/23186"}],"wp:attachment":[{"href":"https:\/\/www.abchukuk.com\/index.php\/wp-json\/wp\/v2\/media?parent=23185"}],"wp:term":[{"taxonomy":"category","embeddable":true,"href":"https:\/\/www.abchukuk.com\/index.php\/wp-json\/wp\/v2\/categories?post=23185"},{"taxonomy":"post_tag","embeddable":true,"href":"https:\/\/www.abchukuk.com\/index.php\/wp-json\/wp\/v2\/tags?post=23185"}],"curies":[{"name":"wp","href":"https:\/\/api.w.org\/{rel}","templated":true}]}}