{"id":23183,"date":"2026-03-14T20:27:43","date_gmt":"2026-03-14T20:27:43","guid":{"rendered":"https:\/\/www.abchukuk.com\/index.php\/2026\/03\/14\/yataganda-adliye-ve-guvenlik-teskilati-iftarda-bir-araya-geldi\/"},"modified":"2026-03-14T20:27:43","modified_gmt":"2026-03-14T20:27:43","slug":"yataganda-adliye-ve-guvenlik-teskilati-iftarda-bir-araya-geldi","status":"publish","type":"post","link":"https:\/\/www.abchukuk.com\/index.php\/2026\/03\/14\/yataganda-adliye-ve-guvenlik-teskilati-iftarda-bir-araya-geldi\/","title":{"rendered":"Yata\u011fan\u2019da adliye ve g\u00fcvenlik te\u015fkilat\u0131 iftarda bir araya geldi"},"content":{"rendered":"<p class=\"p1\">Yata\u011fan Millet Bah\u00e7esi\u2019nde, Yata\u011fan Cumhuriyet Ba\u015fsavc\u0131l\u0131\u011f\u0131 ve Kaymakaml\u0131k koordinesinde h\u00e2kim ve savc\u0131lar, adliye personeli, emniyet ve jandarma te\u015fkilat\u0131 ile kamu kurum temsilcilerinin kat\u0131l\u0131m\u0131yla geni\u015f kat\u0131l\u0131ml\u0131 bir iftar program\u0131 d\u00fczenlendi.<\/p>\n<p><a href=\"https:\/\/www.son.tv\/wp-content\/uploads\/2026\/03\/6bbd50fd-520c-419c-a3e3-94bd79844595.jpeg\"><img fetchpriority=\"high\" decoding=\"async\" class=\"alignnone size-large wp-image-169423\" src=\"https:\/\/www.son.tv\/wp-content\/uploads\/2026\/03\/6bbd50fd-520c-419c-a3e3-94bd79844595-682x1024.jpeg\" alt=\"\" width=\"682\" height=\"1024\" \/><\/a><\/p>\n<p class=\"p1\"><span class=\"s1\">Samimi bir atmosferde ger\u00e7ekle\u015fen programda, Ramazan ay\u0131n\u0131n birlik ve beraberlik ruhu ayn\u0131 sofrada payla\u015f\u0131ld\u0131. Programa Yata\u011fan Kaymakam\u0131 Turgay \u0130lhan, Yata\u011fan Cumhuriyet Ba\u015fsavc\u0131s\u0131 Baki Bozkaya, h\u00e2kim ve savc\u0131lar, adliye personeli ile emniyet ve jandarma te\u015fkilat\u0131 mensuplar\u0131 kat\u0131ld\u0131. Programda Yata\u011fan\u2019da kurumlar aras\u0131nda sa\u011flanan g\u00fc\u00e7l\u00fc koordinasyon ve uyumun il\u00e7edeki kamu hizmetlerinin etkin \u015fekilde y\u00fcr\u00fct\u00fclmesine \u00f6nemli katk\u0131 sa\u011flad\u0131\u011f\u0131 da vurguland\u0131.<\/span><\/p>\n<p><a href=\"https:\/\/www.son.tv\/wp-content\/uploads\/2026\/03\/50280d20-133d-497a-8baa-0c6d5c5612e4.jpeg\"><img decoding=\"async\" class=\"alignnone size-large wp-image-169424\" src=\"https:\/\/www.son.tv\/wp-content\/uploads\/2026\/03\/50280d20-133d-497a-8baa-0c6d5c5612e4-1024x682.jpeg\" alt=\"\" width=\"1024\" height=\"682\" \/><\/a><\/p>\n<p class=\"p1\"><span class=\"s1\">\u0130ftar program\u0131nda konu\u015fan Yata\u011fan Cumhuriyet Ba\u015fsavc\u0131s\u0131 Baki Bozkaya \u015fu ifadeleri kulland\u0131: \u201cBu m\u00fcbarek ay ayn\u0131 zamanda birlik ve beraberli\u011fimizi g\u00fc\u00e7lendiren, karde\u015flik ba\u011flar\u0131m\u0131z\u0131 peki\u015ftiren \u00f6zel zamanlardan biridir. Ayn\u0131 sofray\u0131 payla\u015fmak, ayn\u0131 duaya \u2018amin\u2019 demek millet olarak bizi biz yapan de\u011ferlerin en g\u00fczel yans\u0131malar\u0131ndan biridir. Adalet te\u015fkilat\u0131 olarak bizler de milletimize kar\u015f\u0131 ta\u015f\u0131d\u0131\u011f\u0131m\u0131z sorumlulu\u011fun bilinciyle, hukukun \u00fcst\u00fcnl\u00fc\u011f\u00fc ve adaletin gecikmeden, adil ve tarafs\u0131z \u015fekilde tecelli etmesi i\u00e7in g\u00f6revimizi en iyi \u015fekilde yerine getirmeye gayret ediyoruz. Rabbim Ramazan ay\u0131 h\u00fcrmetine adaletin tesisi i\u00e7in \u00e7al\u0131\u015fan bizlere g\u00f6revlerimizde muvaffakiyet nasip eylesin. Bu vesileyle il\u00e7emizde g\u00f6rev yapan h\u00e2kim ve savc\u0131lar\u0131m\u0131zla birlikte b\u00fcy\u00fck bir \u00f6zveriyle \u00e7al\u0131\u015fan adliye personelimize, kamu d\u00fczeninin sa\u011flanmas\u0131nda \u00f6nemli g\u00f6revler \u00fcstlenen emniyet ve jandarma te\u015fkilat\u0131m\u0131za te\u015fekk\u00fcr ediyorum. Yata\u011fan\u2019da kurumlar\u0131m\u0131z aras\u0131nda sa\u011flanan g\u00fc\u00e7l\u00fc koordinasyon ve uyumun il\u00e7emizde kamu hizmetlerinin etkin ve huzur i\u00e7erisinde y\u00fcr\u00fct\u00fclmesine \u00f6nemli katk\u0131lar sundu\u011funa inan\u0131yorum. Temennim odur ki; bug\u00fcn bu sofrada payla\u015ft\u0131\u011f\u0131m\u0131z birlik, beraberlik ve karde\u015flik ruhu her zaman daim olsun. Rabbim birlik ve beraberli\u011fimizi daim eylesin.\u201d<\/span><\/p>\n<p><a href=\"https:\/\/www.son.tv\/wp-content\/uploads\/2026\/03\/3ddc371b-5f9e-493d-8d2a-6e25c0cd7931.jpeg\"><img decoding=\"async\" class=\"alignnone size-large wp-image-169425\" src=\"https:\/\/www.son.tv\/wp-content\/uploads\/2026\/03\/3ddc371b-5f9e-493d-8d2a-6e25c0cd7931-1024x682.jpeg\" alt=\"\" width=\"1024\" height=\"682\" \/><\/a> <a href=\"https:\/\/www.son.tv\/wp-content\/uploads\/2026\/03\/563dd8a7-02cd-4008-a689-bfb49a508e4b.jpeg\"><img loading=\"lazy\" decoding=\"async\" loading=\"lazy\" class=\"alignnone size-large wp-image-169426\" src=\"https:\/\/www.son.tv\/wp-content\/uploads\/2026\/03\/563dd8a7-02cd-4008-a689-bfb49a508e4b-1024x812.jpeg\" alt=\"\" width=\"1024\" height=\"812\" \/><\/a><\/p>\n<p>Yata\u011fan Millet Bah\u00e7esi\u2019nde d\u00fczenlenen iftar program\u0131nda h\u00e2kim ve savc\u0131lar, adliye personeli, emniyet ve jandarma te\u015fkilat\u0131 ile kamu kurum temsilcileri ayn\u0131 sofrada bulu\u015ftu. Programda, Ramazan ay\u0131n\u0131n birlik ve beraberlik ruhu vurgulan\u0131rken kurumlar aras\u0131 g\u00fc\u00e7l\u00fc koordinasyonun \u00f6nemine dikkat \u00e7ekildi.\u00a0<a href=\"https:\/\/www.son.tv\/yataganda-adliye-ve-guvenlik-teskilati-iftarda-bir-araya-geldi\/\" target=\"_blank\" class=\"feedzy-rss-link-icon\">Read More<\/a><\/p>","protected":false},"excerpt":{"rendered":"<p>Yata\u011fan Millet Bah\u00e7esi\u2019nde, Yata\u011fan Cumhuriyet Ba\u015fsavc\u0131l\u0131\u011f\u0131 ve Kaymakaml\u0131k koordinesinde h\u00e2kim ve savc\u0131lar, adliye personeli, emniyet ve jandarma te\u015fkilat\u0131 ile kamu kurum temsilcilerinin kat\u0131l\u0131m\u0131yla geni\u015f kat\u0131l\u0131ml\u0131 bir iftar program\u0131 d\u00fczenlendi. Samimi bir atmosferde ger\u00e7ekle\u015fen programda, Ramazan ay\u0131n\u0131n birlik ve beraberlik ruhu ayn\u0131 sofrada payla\u015f\u0131ld\u0131. Programa Yata\u011fan Kaymakam\u0131 Turgay \u0130lhan, Yata\u011fan Cumhuriyet Ba\u015fsavc\u0131s\u0131 Baki Bozkaya, h\u00e2kim ve [&hellip;]<\/p>\n","protected":false},"author":1,"featured_media":23184,"comment_status":"open","ping_status":"open","sticky":false,"template":"","format":"standard","meta":{"footnotes":"","_links_to":"","_links_to_target":""},"categories":[1],"tags":[],"class_list":["post-23183","post","type-post","status-publish","format-standard","has-post-thumbnail","hentry","category-haberler"],"_links":{"self":[{"href":"https:\/\/www.abchukuk.com\/index.php\/wp-json\/wp\/v2\/posts\/23183","targetHints":{"allow":["GET"]}}],"collection":[{"href":"https:\/\/www.abchukuk.com\/index.php\/wp-json\/wp\/v2\/posts"}],"about":[{"href":"https:\/\/www.abchukuk.com\/index.php\/wp-json\/wp\/v2\/types\/post"}],"author":[{"embeddable":true,"href":"https:\/\/www.abchukuk.com\/index.php\/wp-json\/wp\/v2\/users\/1"}],"replies":[{"embeddable":true,"href":"https:\/\/www.abchukuk.com\/index.php\/wp-json\/wp\/v2\/comments?post=23183"}],"version-history":[{"count":0,"href":"https:\/\/www.abchukuk.com\/index.php\/wp-json\/wp\/v2\/posts\/23183\/revisions"}],"wp:featuredmedia":[{"embeddable":true,"href":"https:\/\/www.abchukuk.com\/index.php\/wp-json\/wp\/v2\/media\/23184"}],"wp:attachment":[{"href":"https:\/\/www.abchukuk.com\/index.php\/wp-json\/wp\/v2\/media?parent=23183"}],"wp:term":[{"taxonomy":"category","embeddable":true,"href":"https:\/\/www.abchukuk.com\/index.php\/wp-json\/wp\/v2\/categories?post=23183"},{"taxonomy":"post_tag","embeddable":true,"href":"https:\/\/www.abchukuk.com\/index.php\/wp-json\/wp\/v2\/tags?post=23183"}],"curies":[{"name":"wp","href":"https:\/\/api.w.org\/{rel}","templated":true}]}}