{"id":23175,"date":"2026-03-14T16:35:00","date_gmt":"2026-03-14T16:35:00","guid":{"rendered":"https:\/\/www.abchukuk.com\/index.php\/2026\/03\/14\/tehdit-ve-santaj-sorusturmasinda-iddianame-hazirlandi-savcilik-tanju-ozcan-icin-3-yila-kadar-hapis-istedi\/"},"modified":"2026-03-14T16:35:00","modified_gmt":"2026-03-14T16:35:00","slug":"tehdit-ve-santaj-sorusturmasinda-iddianame-hazirlandi-savcilik-tanju-ozcan-icin-3-yila-kadar-hapis-istedi","status":"publish","type":"post","link":"https:\/\/www.abchukuk.com\/index.php\/2026\/03\/14\/tehdit-ve-santaj-sorusturmasinda-iddianame-hazirlandi-savcilik-tanju-ozcan-icin-3-yila-kadar-hapis-istedi\/","title":{"rendered":"&#8216;Tehdit ve \u015fantaj&#8217; soru\u015fturmas\u0131nda iddianame haz\u0131rland\u0131&#8230; Savc\u0131l\u0131k Tanju \u00d6zcan i\u00e7in 3 y\u0131la kadar hapis istedi"},"content":{"rendered":"<p>Bolu\u2019da, \u2018icbar suretiyle irtikap\u2019 soru\u015fturmas\u0131 kapsam\u0131nda tutuklu bulunan Tanju \u00d6zcan\u2019\u0131n m\u00fc\u015fteki ve \u015f\u00fcpheli s\u0131fat\u0131yla yer ald\u0131\u011f\u0131 \u2018tehdit ve \u015fantaj\u2019 soru\u015fturmas\u0131 kapsam\u0131nda iddianame tamamlanarak Bolu 2\u2019nci Sulh Ceza Hakimli\u011fi\u2019ne sunuldu.Bolu\u2019da, \u2018icbar suretiyle irtikap\u2019 soru\u015fturmas\u0131 kapsam\u0131nda tutuklu bulunan Tanju \u00d6zcan\u2019\u0131n m\u00fc\u015fteki ve \u015f\u00fcpheli s\u0131fat\u0131yla yer ald\u0131\u011f\u0131 \u2018tehdit ve \u015fantaj\u2019 soru\u015fturmas\u0131 kapsam\u0131nda iddianame tamamlanarak Bolu 2\u2019nci Sulh Ceza Hakimli\u011fi\u2019ne sunuldu.\u00a0<a href=\"https:\/\/www.cumhuriyet.com.tr\/turkiye\/tehdit-ve-santaj-sorusturmasinda-iddianame-hazirlandi-savcilik-tanju-ozcan-icin-3-yila-kadar-hapis-istedi-2486850\" target=\"_blank\" class=\"feedzy-rss-link-icon\">Read More<\/a><\/p>","protected":false},"excerpt":{"rendered":"<p>Bolu\u2019da, \u2018icbar suretiyle irtikap\u2019 soru\u015fturmas\u0131 kapsam\u0131nda tutuklu bulunan Tanju \u00d6zcan\u2019\u0131n m\u00fc\u015fteki ve \u015f\u00fcpheli s\u0131fat\u0131yla yer ald\u0131\u011f\u0131 \u2018tehdit ve \u015fantaj\u2019 soru\u015fturmas\u0131 kapsam\u0131nda iddianame tamamlanarak Bolu 2\u2019nci Sulh Ceza Hakimli\u011fi\u2019ne sunuldu.Bolu\u2019da, \u2018icbar suretiyle irtikap\u2019 soru\u015fturmas\u0131 kapsam\u0131nda tutuklu bulunan Tanju \u00d6zcan\u2019\u0131n m\u00fc\u015fteki ve \u015f\u00fcpheli s\u0131fat\u0131yla yer ald\u0131\u011f\u0131 \u2018tehdit ve \u015fantaj\u2019 soru\u015fturmas\u0131 kapsam\u0131nda iddianame tamamlanarak Bolu 2\u2019nci Sulh Ceza [&hellip;]<\/p>\n","protected":false},"author":1,"featured_media":23176,"comment_status":"open","ping_status":"open","sticky":false,"template":"","format":"standard","meta":{"footnotes":"","_links_to":"","_links_to_target":""},"categories":[1],"tags":[],"class_list":["post-23175","post","type-post","status-publish","format-standard","has-post-thumbnail","hentry","category-haberler"],"_links":{"self":[{"href":"https:\/\/www.abchukuk.com\/index.php\/wp-json\/wp\/v2\/posts\/23175","targetHints":{"allow":["GET"]}}],"collection":[{"href":"https:\/\/www.abchukuk.com\/index.php\/wp-json\/wp\/v2\/posts"}],"about":[{"href":"https:\/\/www.abchukuk.com\/index.php\/wp-json\/wp\/v2\/types\/post"}],"author":[{"embeddable":true,"href":"https:\/\/www.abchukuk.com\/index.php\/wp-json\/wp\/v2\/users\/1"}],"replies":[{"embeddable":true,"href":"https:\/\/www.abchukuk.com\/index.php\/wp-json\/wp\/v2\/comments?post=23175"}],"version-history":[{"count":0,"href":"https:\/\/www.abchukuk.com\/index.php\/wp-json\/wp\/v2\/posts\/23175\/revisions"}],"wp:featuredmedia":[{"embeddable":true,"href":"https:\/\/www.abchukuk.com\/index.php\/wp-json\/wp\/v2\/media\/23176"}],"wp:attachment":[{"href":"https:\/\/www.abchukuk.com\/index.php\/wp-json\/wp\/v2\/media?parent=23175"}],"wp:term":[{"taxonomy":"category","embeddable":true,"href":"https:\/\/www.abchukuk.com\/index.php\/wp-json\/wp\/v2\/categories?post=23175"},{"taxonomy":"post_tag","embeddable":true,"href":"https:\/\/www.abchukuk.com\/index.php\/wp-json\/wp\/v2\/tags?post=23175"}],"curies":[{"name":"wp","href":"https:\/\/api.w.org\/{rel}","templated":true}]}}