{"id":23169,"date":"2026-03-14T12:33:00","date_gmt":"2026-03-14T12:33:00","guid":{"rendered":"https:\/\/www.abchukuk.com\/index.php\/2026\/03\/14\/gozaltindaki-kusadasi-belediye-baskani-omer-gunelden-mesaj\/"},"modified":"2026-03-14T12:33:00","modified_gmt":"2026-03-14T12:33:00","slug":"gozaltindaki-kusadasi-belediye-baskani-omer-gunelden-mesaj","status":"publish","type":"post","link":"https:\/\/www.abchukuk.com\/index.php\/2026\/03\/14\/gozaltindaki-kusadasi-belediye-baskani-omer-gunelden-mesaj\/","title":{"rendered":"G\u00f6zalt\u0131ndaki Ku\u015fadas\u0131 Belediye Ba\u015fkan\u0131 \u00d6mer G\u00fcnel\u2019den mesaj"},"content":{"rendered":"<p>Ku\u015fadas\u0131 Belediye Ba\u015fkan\u0131 \u00d6mer G\u00fcnel\u2019in de aralar\u0131nda bulundu\u011fu 6 ki\u015finin \u201cr\u00fc\u015fvet\u201d ve \u201cirtikap\u201d su\u00e7lamalar\u0131 kapsam\u0131nda g\u00f6zalt\u0131na al\u0131nmas\u0131n\u0131n ard\u0131ndan Ku\u015fadas\u0131\u2019nda belediye binas\u0131 \u00f6n\u00fcnde \u201cAdalet ve Dayan\u0131\u015fma \u00c7ad\u0131r\u0131\u201d kuruldu. G\u00fcnel, sosyal medya hesab\u0131ndan yapt\u0131\u011f\u0131 a\u00e7\u0131klamada \u201cDo\u011frular kazanacak\u201d mesaj\u0131 verdi.Ku\u015fadas\u0131 Belediye Ba\u015fkan\u0131 \u00d6mer G\u00fcnel\u2019in de aralar\u0131nda bulundu\u011fu 6 ki\u015finin \u201cr\u00fc\u015fvet\u201d ve \u201cirtikap\u201d su\u00e7lamalar\u0131 kapsam\u0131nda g\u00f6zalt\u0131na al\u0131nmas\u0131n\u0131n ard\u0131ndan Ku\u015fadas\u0131\u2019nda belediye binas\u0131 \u00f6n\u00fcnde \u201cAdalet ve Dayan\u0131\u015fma \u00c7ad\u0131r\u0131\u201d kuruldu. G\u00fcnel, sosyal medya hesab\u0131ndan yapt\u0131\u011f\u0131 a\u00e7\u0131klamada \u201cDo\u011frular kazanacak\u201d mesaj\u0131 verdi.\u00a0<a href=\"https:\/\/www.cumhuriyet.com.tr\/turkiye\/gozaltindaki-kusadasi-belediye-baskani-omer-gunel-den-mesaj-2486790\" target=\"_blank\" class=\"feedzy-rss-link-icon\">Read More<\/a><\/p>","protected":false},"excerpt":{"rendered":"<p>Ku\u015fadas\u0131 Belediye Ba\u015fkan\u0131 \u00d6mer G\u00fcnel\u2019in de aralar\u0131nda bulundu\u011fu 6 ki\u015finin \u201cr\u00fc\u015fvet\u201d ve \u201cirtikap\u201d su\u00e7lamalar\u0131 kapsam\u0131nda g\u00f6zalt\u0131na al\u0131nmas\u0131n\u0131n ard\u0131ndan Ku\u015fadas\u0131\u2019nda belediye binas\u0131 \u00f6n\u00fcnde \u201cAdalet ve Dayan\u0131\u015fma \u00c7ad\u0131r\u0131\u201d kuruldu. G\u00fcnel, sosyal medya hesab\u0131ndan yapt\u0131\u011f\u0131 a\u00e7\u0131klamada \u201cDo\u011frular kazanacak\u201d mesaj\u0131 verdi.Ku\u015fadas\u0131 Belediye Ba\u015fkan\u0131 \u00d6mer G\u00fcnel\u2019in de aralar\u0131nda bulundu\u011fu 6 ki\u015finin \u201cr\u00fc\u015fvet\u201d ve \u201cirtikap\u201d su\u00e7lamalar\u0131 kapsam\u0131nda g\u00f6zalt\u0131na al\u0131nmas\u0131n\u0131n ard\u0131ndan Ku\u015fadas\u0131\u2019nda [&hellip;]<\/p>\n","protected":false},"author":1,"featured_media":23170,"comment_status":"open","ping_status":"open","sticky":false,"template":"","format":"standard","meta":{"footnotes":"","_links_to":"","_links_to_target":""},"categories":[1],"tags":[],"class_list":["post-23169","post","type-post","status-publish","format-standard","has-post-thumbnail","hentry","category-haberler"],"_links":{"self":[{"href":"https:\/\/www.abchukuk.com\/index.php\/wp-json\/wp\/v2\/posts\/23169","targetHints":{"allow":["GET"]}}],"collection":[{"href":"https:\/\/www.abchukuk.com\/index.php\/wp-json\/wp\/v2\/posts"}],"about":[{"href":"https:\/\/www.abchukuk.com\/index.php\/wp-json\/wp\/v2\/types\/post"}],"author":[{"embeddable":true,"href":"https:\/\/www.abchukuk.com\/index.php\/wp-json\/wp\/v2\/users\/1"}],"replies":[{"embeddable":true,"href":"https:\/\/www.abchukuk.com\/index.php\/wp-json\/wp\/v2\/comments?post=23169"}],"version-history":[{"count":0,"href":"https:\/\/www.abchukuk.com\/index.php\/wp-json\/wp\/v2\/posts\/23169\/revisions"}],"wp:featuredmedia":[{"embeddable":true,"href":"https:\/\/www.abchukuk.com\/index.php\/wp-json\/wp\/v2\/media\/23170"}],"wp:attachment":[{"href":"https:\/\/www.abchukuk.com\/index.php\/wp-json\/wp\/v2\/media?parent=23169"}],"wp:term":[{"taxonomy":"category","embeddable":true,"href":"https:\/\/www.abchukuk.com\/index.php\/wp-json\/wp\/v2\/categories?post=23169"},{"taxonomy":"post_tag","embeddable":true,"href":"https:\/\/www.abchukuk.com\/index.php\/wp-json\/wp\/v2\/tags?post=23169"}],"curies":[{"name":"wp","href":"https:\/\/api.w.org\/{rel}","templated":true}]}}