{"id":23167,"date":"2026-03-14T12:41:00","date_gmt":"2026-03-14T12:41:00","guid":{"rendered":"https:\/\/www.abchukuk.com\/index.php\/2026\/03\/14\/adalet-bakanligi-15-bin-personel-alimi-basvuru-ilani-yayimlandi-mi-ne-zaman\/"},"modified":"2026-03-14T12:41:00","modified_gmt":"2026-03-14T12:41:00","slug":"adalet-bakanligi-15-bin-personel-alimi-basvuru-ilani-yayimlandi-mi-ne-zaman","status":"publish","type":"post","link":"https:\/\/www.abchukuk.com\/index.php\/2026\/03\/14\/adalet-bakanligi-15-bin-personel-alimi-basvuru-ilani-yayimlandi-mi-ne-zaman\/","title":{"rendered":"Adalet Bakanl\u0131\u011f\u0131 15 bin personel al\u0131m\u0131 ba\u015fvuru ilan\u0131 yay\u0131mland\u0131 m\u0131, ne zaman?"},"content":{"rendered":"<p>Adalet Bakanl\u0131\u011f\u0131 b\u00fcnyesinde \u00e7al\u0131\u015fmak isteyen y\u00fcz binler aday ilan\u0131 bekliyor. Mart ay\u0131n\u0131n ortas\u0131nday\u0131z ve her geli\u015fme yak\u0131ndan takip ediliyor. Bakanl\u0131\u011f\u0131n resmi sitesi s\u0131k s\u0131k kontrol edilirken &#8220;Adalet Bakanl\u0131\u011f\u0131 15 bin personel al\u0131m\u0131 ba\u015fvuru ilan\u0131 yay\u0131mland\u0131 m\u0131&#8221; sorusu g\u00fcndemden d\u00fc\u015fm\u00fcyor.Adalet Bakanl\u0131\u011f\u0131 b\u00fcnyesinde \u00e7al\u0131\u015fmak isteyen y\u00fcz binler aday ilan\u0131 bekliyor. Mart ay\u0131n\u0131n ortas\u0131nday\u0131z ve her geli\u015fme yak\u0131ndan takip ediliyor. Bakanl\u0131\u011f\u0131n resmi sitesi s\u0131k s\u0131k kontrol edilirken &#8220;Adalet Bakanl\u0131\u011f\u0131 15 bin personel al\u0131m\u0131 ba\u015fvuru ilan\u0131 yay\u0131mland\u0131 m\u0131&#8221; sorusu g\u00fcndemden d\u00fc\u015fm\u00fcyor.\u00a0<a href=\"https:\/\/www.dunya.com\/gundem\/adalet-bakanligi-15-bin-personel-alimi-basvuru-ilani-yayimlandi-mi-ne-zaman-haberi-818248\" target=\"_blank\" class=\"feedzy-rss-link-icon\">Read More<\/a><\/p>","protected":false},"excerpt":{"rendered":"<p>Adalet Bakanl\u0131\u011f\u0131 b\u00fcnyesinde \u00e7al\u0131\u015fmak isteyen y\u00fcz binler aday ilan\u0131 bekliyor. Mart ay\u0131n\u0131n ortas\u0131nday\u0131z ve her geli\u015fme yak\u0131ndan takip ediliyor. Bakanl\u0131\u011f\u0131n resmi sitesi s\u0131k s\u0131k kontrol edilirken &#8220;Adalet Bakanl\u0131\u011f\u0131 15 bin personel al\u0131m\u0131 ba\u015fvuru ilan\u0131 yay\u0131mland\u0131 m\u0131&#8221; sorusu g\u00fcndemden d\u00fc\u015fm\u00fcyor.Adalet Bakanl\u0131\u011f\u0131 b\u00fcnyesinde \u00e7al\u0131\u015fmak isteyen y\u00fcz binler aday ilan\u0131 bekliyor. Mart ay\u0131n\u0131n ortas\u0131nday\u0131z ve her geli\u015fme yak\u0131ndan [&hellip;]<\/p>\n","protected":false},"author":1,"featured_media":23168,"comment_status":"open","ping_status":"open","sticky":false,"template":"","format":"standard","meta":{"footnotes":"","_links_to":"","_links_to_target":""},"categories":[1],"tags":[],"class_list":["post-23167","post","type-post","status-publish","format-standard","has-post-thumbnail","hentry","category-haberler"],"_links":{"self":[{"href":"https:\/\/www.abchukuk.com\/index.php\/wp-json\/wp\/v2\/posts\/23167","targetHints":{"allow":["GET"]}}],"collection":[{"href":"https:\/\/www.abchukuk.com\/index.php\/wp-json\/wp\/v2\/posts"}],"about":[{"href":"https:\/\/www.abchukuk.com\/index.php\/wp-json\/wp\/v2\/types\/post"}],"author":[{"embeddable":true,"href":"https:\/\/www.abchukuk.com\/index.php\/wp-json\/wp\/v2\/users\/1"}],"replies":[{"embeddable":true,"href":"https:\/\/www.abchukuk.com\/index.php\/wp-json\/wp\/v2\/comments?post=23167"}],"version-history":[{"count":0,"href":"https:\/\/www.abchukuk.com\/index.php\/wp-json\/wp\/v2\/posts\/23167\/revisions"}],"wp:featuredmedia":[{"embeddable":true,"href":"https:\/\/www.abchukuk.com\/index.php\/wp-json\/wp\/v2\/media\/23168"}],"wp:attachment":[{"href":"https:\/\/www.abchukuk.com\/index.php\/wp-json\/wp\/v2\/media?parent=23167"}],"wp:term":[{"taxonomy":"category","embeddable":true,"href":"https:\/\/www.abchukuk.com\/index.php\/wp-json\/wp\/v2\/categories?post=23167"},{"taxonomy":"post_tag","embeddable":true,"href":"https:\/\/www.abchukuk.com\/index.php\/wp-json\/wp\/v2\/tags?post=23167"}],"curies":[{"name":"wp","href":"https:\/\/api.w.org\/{rel}","templated":true}]}}