{"id":23165,"date":"2026-03-14T12:56:00","date_gmt":"2026-03-14T12:56:00","guid":{"rendered":"https:\/\/www.abchukuk.com\/index.php\/2026\/03\/14\/omer-gunelin-gozaltina-alinmasi-akpli-ozlem-cercioglundan-chpli-bulent-tezcana-suc-duyurusu\/"},"modified":"2026-03-14T12:56:00","modified_gmt":"2026-03-14T12:56:00","slug":"omer-gunelin-gozaltina-alinmasi-akpli-ozlem-cercioglundan-chpli-bulent-tezcana-suc-duyurusu","status":"publish","type":"post","link":"https:\/\/www.abchukuk.com\/index.php\/2026\/03\/14\/omer-gunelin-gozaltina-alinmasi-akpli-ozlem-cercioglundan-chpli-bulent-tezcana-suc-duyurusu\/","title":{"rendered":"\u00d6mer G\u00fcnel&#8217;in g\u00f6zalt\u0131na al\u0131nmas\u0131&#8230; AKP&#8217;li \u00d6zlem \u00c7er\u00e7io\u011flu&#8217;ndan CHP&#8217;li B\u00fclent Tezcan&#8217;a su\u00e7 duyurusu"},"content":{"rendered":"<p>AKP&#8217;li Ayd\u0131n B\u00fcy\u00fck\u015fehir Belediye Ba\u015fkan\u0131 \u00d6zlem \u00c7er\u00e7io\u011flu&#8217;nun Cumhurba\u015fkanl\u0131\u011f\u0131 Aday Ofisi (CAO) Genel Koordinat\u00f6r\u00fc ve CHP Ayd\u0131n Milletvekili B\u00fclent Tezcan hakk\u0131nda su\u00e7 duyurusunda bulunaca\u011f\u0131 \u00f6\u011frenildi.AKP&#8217;li Ayd\u0131n B\u00fcy\u00fck\u015fehir Belediye Ba\u015fkan\u0131 \u00d6zlem \u00c7er\u00e7io\u011flu&#8217;nun Cumhurba\u015fkanl\u0131\u011f\u0131 Aday Ofisi (CAO) Genel Koordinat\u00f6r\u00fc ve CHP Ayd\u0131n Milletvekili B\u00fclent Tezcan hakk\u0131nda su\u00e7 duyurusunda bulunaca\u011f\u0131 \u00f6\u011frenildi.\u00a0<a href=\"https:\/\/www.cumhuriyet.com.tr\/turkiye\/omer-gunel-in-gozaltina-alinmasi-akp-li-ozlem-cercioglu-ndan-chp-li-bulent-tezcan-a-suc-duyurusu-2486794\" target=\"_blank\" class=\"feedzy-rss-link-icon\">Read More<\/a><\/p>","protected":false},"excerpt":{"rendered":"<p>AKP&#8217;li Ayd\u0131n B\u00fcy\u00fck\u015fehir Belediye Ba\u015fkan\u0131 \u00d6zlem \u00c7er\u00e7io\u011flu&#8217;nun Cumhurba\u015fkanl\u0131\u011f\u0131 Aday Ofisi (CAO) Genel Koordinat\u00f6r\u00fc ve CHP Ayd\u0131n Milletvekili B\u00fclent Tezcan hakk\u0131nda su\u00e7 duyurusunda bulunaca\u011f\u0131 \u00f6\u011frenildi.AKP&#8217;li Ayd\u0131n B\u00fcy\u00fck\u015fehir Belediye Ba\u015fkan\u0131 \u00d6zlem \u00c7er\u00e7io\u011flu&#8217;nun Cumhurba\u015fkanl\u0131\u011f\u0131 Aday Ofisi (CAO) Genel Koordinat\u00f6r\u00fc ve CHP Ayd\u0131n Milletvekili B\u00fclent Tezcan hakk\u0131nda su\u00e7 duyurusunda bulunaca\u011f\u0131 \u00f6\u011frenildi.\u00a0Read More<\/p>\n","protected":false},"author":1,"featured_media":23166,"comment_status":"open","ping_status":"open","sticky":false,"template":"","format":"standard","meta":{"footnotes":"","_links_to":"","_links_to_target":""},"categories":[1],"tags":[],"class_list":["post-23165","post","type-post","status-publish","format-standard","has-post-thumbnail","hentry","category-haberler"],"_links":{"self":[{"href":"https:\/\/www.abchukuk.com\/index.php\/wp-json\/wp\/v2\/posts\/23165","targetHints":{"allow":["GET"]}}],"collection":[{"href":"https:\/\/www.abchukuk.com\/index.php\/wp-json\/wp\/v2\/posts"}],"about":[{"href":"https:\/\/www.abchukuk.com\/index.php\/wp-json\/wp\/v2\/types\/post"}],"author":[{"embeddable":true,"href":"https:\/\/www.abchukuk.com\/index.php\/wp-json\/wp\/v2\/users\/1"}],"replies":[{"embeddable":true,"href":"https:\/\/www.abchukuk.com\/index.php\/wp-json\/wp\/v2\/comments?post=23165"}],"version-history":[{"count":0,"href":"https:\/\/www.abchukuk.com\/index.php\/wp-json\/wp\/v2\/posts\/23165\/revisions"}],"wp:featuredmedia":[{"embeddable":true,"href":"https:\/\/www.abchukuk.com\/index.php\/wp-json\/wp\/v2\/media\/23166"}],"wp:attachment":[{"href":"https:\/\/www.abchukuk.com\/index.php\/wp-json\/wp\/v2\/media?parent=23165"}],"wp:term":[{"taxonomy":"category","embeddable":true,"href":"https:\/\/www.abchukuk.com\/index.php\/wp-json\/wp\/v2\/categories?post=23165"},{"taxonomy":"post_tag","embeddable":true,"href":"https:\/\/www.abchukuk.com\/index.php\/wp-json\/wp\/v2\/tags?post=23165"}],"curies":[{"name":"wp","href":"https:\/\/api.w.org\/{rel}","templated":true}]}}