{"id":23161,"date":"2026-03-14T09:54:00","date_gmt":"2026-03-14T09:54:00","guid":{"rendered":"https:\/\/www.abchukuk.com\/index.php\/2026\/03\/14\/12-yargi-paketi-meclise-geldi-mi-ne-zaman-geliyor-infaz-duzenlemesi-olacak-mi-af-var-mi\/"},"modified":"2026-03-14T09:54:00","modified_gmt":"2026-03-14T09:54:00","slug":"12-yargi-paketi-meclise-geldi-mi-ne-zaman-geliyor-infaz-duzenlemesi-olacak-mi-af-var-mi","status":"publish","type":"post","link":"https:\/\/www.abchukuk.com\/index.php\/2026\/03\/14\/12-yargi-paketi-meclise-geldi-mi-ne-zaman-geliyor-infaz-duzenlemesi-olacak-mi-af-var-mi\/","title":{"rendered":"12. Yarg\u0131 Paketi Meclis&#8217;e geldi mi, ne zaman geliyor? \u0130nfaz d\u00fczenlemesi olacak m\u0131, af var m\u0131?"},"content":{"rendered":"<p>T\u00fcrkiye&#8217;nin g\u00f6z\u00fc uzun zamand\u0131r 12. Yarg\u0131 Paketi&#8217;nde&#8230; Her geli\u015fme yak\u0131ndan takip edilmek isteniyor. Bug\u00fcn yeni bir a\u00e7\u0131klama gelip gelmedi\u011fi ara\u015ft\u0131r\u0131l\u0131rken yine cevap aranan soru &#8220;12. Yarg\u0131 Paketi Meclis&#8217;e geldi mi, ne zaman geliyor&#8221; oluyor. \u00d6te yandan af konusu da merak edilen ba\u015fl\u0131klar aras\u0131nda yer al\u0131yor.T\u00fcrkiye&#8217;nin g\u00f6z\u00fc uzun zamand\u0131r 12. Yarg\u0131 Paketi&#8217;nde&#8230; Her geli\u015fme yak\u0131ndan takip edilmek isteniyor. Bug\u00fcn yeni bir a\u00e7\u0131klama gelip gelmedi\u011fi ara\u015ft\u0131r\u0131l\u0131rken yine cevap aranan soru &#8220;12. Yarg\u0131 Paketi Meclis&#8217;e geldi mi, ne zaman geliyor&#8221; oluyor. \u00d6te yandan af konusu da merak edilen ba\u015fl\u0131klar aras\u0131nda yer al\u0131yor.\u00a0<a href=\"https:\/\/www.dunya.com\/gundem\/12-yargi-paketi-meclise-geldi-mi-ne-zaman-geliyor-infaz-duzenlemesi-olacak-mi-af-var-mi-haberi-818237\" target=\"_blank\" class=\"feedzy-rss-link-icon\">Read More<\/a><\/p>","protected":false},"excerpt":{"rendered":"<p>T\u00fcrkiye&#8217;nin g\u00f6z\u00fc uzun zamand\u0131r 12. Yarg\u0131 Paketi&#8217;nde&#8230; Her geli\u015fme yak\u0131ndan takip edilmek isteniyor. Bug\u00fcn yeni bir a\u00e7\u0131klama gelip gelmedi\u011fi ara\u015ft\u0131r\u0131l\u0131rken yine cevap aranan soru &#8220;12. Yarg\u0131 Paketi Meclis&#8217;e geldi mi, ne zaman geliyor&#8221; oluyor. \u00d6te yandan af konusu da merak edilen ba\u015fl\u0131klar aras\u0131nda yer al\u0131yor.T\u00fcrkiye&#8217;nin g\u00f6z\u00fc uzun zamand\u0131r 12. Yarg\u0131 Paketi&#8217;nde&#8230; Her geli\u015fme yak\u0131ndan takip [&hellip;]<\/p>\n","protected":false},"author":1,"featured_media":23162,"comment_status":"open","ping_status":"open","sticky":false,"template":"","format":"standard","meta":{"footnotes":"","_links_to":"","_links_to_target":""},"categories":[1],"tags":[],"class_list":["post-23161","post","type-post","status-publish","format-standard","has-post-thumbnail","hentry","category-haberler"],"_links":{"self":[{"href":"https:\/\/www.abchukuk.com\/index.php\/wp-json\/wp\/v2\/posts\/23161","targetHints":{"allow":["GET"]}}],"collection":[{"href":"https:\/\/www.abchukuk.com\/index.php\/wp-json\/wp\/v2\/posts"}],"about":[{"href":"https:\/\/www.abchukuk.com\/index.php\/wp-json\/wp\/v2\/types\/post"}],"author":[{"embeddable":true,"href":"https:\/\/www.abchukuk.com\/index.php\/wp-json\/wp\/v2\/users\/1"}],"replies":[{"embeddable":true,"href":"https:\/\/www.abchukuk.com\/index.php\/wp-json\/wp\/v2\/comments?post=23161"}],"version-history":[{"count":0,"href":"https:\/\/www.abchukuk.com\/index.php\/wp-json\/wp\/v2\/posts\/23161\/revisions"}],"wp:featuredmedia":[{"embeddable":true,"href":"https:\/\/www.abchukuk.com\/index.php\/wp-json\/wp\/v2\/media\/23162"}],"wp:attachment":[{"href":"https:\/\/www.abchukuk.com\/index.php\/wp-json\/wp\/v2\/media?parent=23161"}],"wp:term":[{"taxonomy":"category","embeddable":true,"href":"https:\/\/www.abchukuk.com\/index.php\/wp-json\/wp\/v2\/categories?post=23161"},{"taxonomy":"post_tag","embeddable":true,"href":"https:\/\/www.abchukuk.com\/index.php\/wp-json\/wp\/v2\/tags?post=23161"}],"curies":[{"name":"wp","href":"https:\/\/api.w.org\/{rel}","templated":true}]}}