{"id":23159,"date":"2026-03-14T10:01:00","date_gmt":"2026-03-14T10:01:00","guid":{"rendered":"https:\/\/www.abchukuk.com\/index.php\/2026\/03\/14\/ankara-barosuna-bagli-5-avukat-bakan-akin-gurlekin-atamasi-hakkinda-danistayda-dava-acmisti-ret-degil-esastan-inceleme-karari-verildi\/"},"modified":"2026-03-14T10:01:00","modified_gmt":"2026-03-14T10:01:00","slug":"ankara-barosuna-bagli-5-avukat-bakan-akin-gurlekin-atamasi-hakkinda-danistayda-dava-acmisti-ret-degil-esastan-inceleme-karari-verildi","status":"publish","type":"post","link":"https:\/\/www.abchukuk.com\/index.php\/2026\/03\/14\/ankara-barosuna-bagli-5-avukat-bakan-akin-gurlekin-atamasi-hakkinda-danistayda-dava-acmisti-ret-degil-esastan-inceleme-karari-verildi\/","title":{"rendered":"Ankara Barosu\u2019na ba\u011fl\u0131 5 avukat Bakan Ak\u0131n G\u00fcrlek\u2019in atamas\u0131 hakk\u0131nda Dan\u0131\u015ftay\u2019da dava a\u00e7m\u0131\u015ft\u0131: Ret de\u011fil, esastan inceleme karar\u0131 verildi!"},"content":{"rendered":"<p>Ankara Barosu\u2019na ba\u011fl\u0131 5 avukat; Ak\u0131n G\u00fcrlek\u2019in bakan olarak atanmas\u0131 hakk\u0131nda ilgili yasaya ve anayasa h\u00fck\u00fcmlerine ayk\u0131r\u0131 olmas\u0131 gerek\u00e7esiyle Dan\u0131\u015ftay\u2019da dava a\u00e7m\u0131\u015ft\u0131. Dan\u0131\u015ftay 12. Dairesi davan\u0131n reddine de\u011fil, davan\u0131n esastan incelenmesine karar verdi.Ankara Barosu\u2019na ba\u011fl\u0131 5 avukat; Ak\u0131n G\u00fcrlek\u2019in bakan olarak atanmas\u0131 hakk\u0131nda ilgili yasaya ve anayasa h\u00fck\u00fcmlerine ayk\u0131r\u0131 olmas\u0131 gerek\u00e7esiyle Dan\u0131\u015ftay\u2019da dava a\u00e7m\u0131\u015ft\u0131. Dan\u0131\u015ftay 12. Dairesi davan\u0131n reddine de\u011fil, davan\u0131n esastan incelenmesine karar verdi.\u00a0<a href=\"https:\/\/www.cumhuriyet.com.tr\/turkiye\/ankara-barosu-na-bagli-5-avukat-bakan-akin-gurlek-in-atamasi-hakkinda-danistay-da-dava-acmisti-ret-degil-esastan-inceleme-karari-verildi-2486756\" target=\"_blank\" class=\"feedzy-rss-link-icon\">Read More<\/a><\/p>","protected":false},"excerpt":{"rendered":"<p>Ankara Barosu\u2019na ba\u011fl\u0131 5 avukat; Ak\u0131n G\u00fcrlek\u2019in bakan olarak atanmas\u0131 hakk\u0131nda ilgili yasaya ve anayasa h\u00fck\u00fcmlerine ayk\u0131r\u0131 olmas\u0131 gerek\u00e7esiyle Dan\u0131\u015ftay\u2019da dava a\u00e7m\u0131\u015ft\u0131. Dan\u0131\u015ftay 12. Dairesi davan\u0131n reddine de\u011fil, davan\u0131n esastan incelenmesine karar verdi.Ankara Barosu\u2019na ba\u011fl\u0131 5 avukat; Ak\u0131n G\u00fcrlek\u2019in bakan olarak atanmas\u0131 hakk\u0131nda ilgili yasaya ve anayasa h\u00fck\u00fcmlerine ayk\u0131r\u0131 olmas\u0131 gerek\u00e7esiyle Dan\u0131\u015ftay\u2019da dava a\u00e7m\u0131\u015ft\u0131. Dan\u0131\u015ftay [&hellip;]<\/p>\n","protected":false},"author":1,"featured_media":23160,"comment_status":"open","ping_status":"open","sticky":false,"template":"","format":"standard","meta":{"footnotes":"","_links_to":"","_links_to_target":""},"categories":[1],"tags":[],"class_list":["post-23159","post","type-post","status-publish","format-standard","has-post-thumbnail","hentry","category-haberler"],"_links":{"self":[{"href":"https:\/\/www.abchukuk.com\/index.php\/wp-json\/wp\/v2\/posts\/23159","targetHints":{"allow":["GET"]}}],"collection":[{"href":"https:\/\/www.abchukuk.com\/index.php\/wp-json\/wp\/v2\/posts"}],"about":[{"href":"https:\/\/www.abchukuk.com\/index.php\/wp-json\/wp\/v2\/types\/post"}],"author":[{"embeddable":true,"href":"https:\/\/www.abchukuk.com\/index.php\/wp-json\/wp\/v2\/users\/1"}],"replies":[{"embeddable":true,"href":"https:\/\/www.abchukuk.com\/index.php\/wp-json\/wp\/v2\/comments?post=23159"}],"version-history":[{"count":0,"href":"https:\/\/www.abchukuk.com\/index.php\/wp-json\/wp\/v2\/posts\/23159\/revisions"}],"wp:featuredmedia":[{"embeddable":true,"href":"https:\/\/www.abchukuk.com\/index.php\/wp-json\/wp\/v2\/media\/23160"}],"wp:attachment":[{"href":"https:\/\/www.abchukuk.com\/index.php\/wp-json\/wp\/v2\/media?parent=23159"}],"wp:term":[{"taxonomy":"category","embeddable":true,"href":"https:\/\/www.abchukuk.com\/index.php\/wp-json\/wp\/v2\/categories?post=23159"},{"taxonomy":"post_tag","embeddable":true,"href":"https:\/\/www.abchukuk.com\/index.php\/wp-json\/wp\/v2\/tags?post=23159"}],"curies":[{"name":"wp","href":"https:\/\/api.w.org\/{rel}","templated":true}]}}