{"id":23139,"date":"2026-03-13T21:05:12","date_gmt":"2026-03-13T21:05:12","guid":{"rendered":"https:\/\/www.abchukuk.com\/index.php\/2026\/03\/13\/bakan-gurlek-adalet-guclu-olursa-devlet-de-millet-de-guclu-olur\/"},"modified":"2026-03-13T21:05:12","modified_gmt":"2026-03-13T21:05:12","slug":"bakan-gurlek-adalet-guclu-olursa-devlet-de-millet-de-guclu-olur","status":"publish","type":"post","link":"https:\/\/www.abchukuk.com\/index.php\/2026\/03\/13\/bakan-gurlek-adalet-guclu-olursa-devlet-de-millet-de-guclu-olur\/","title":{"rendered":"Bakan G\u00fcrlek: \u201cAdalet g\u00fc\u00e7l\u00fc olursa devlet de millet de g\u00fc\u00e7l\u00fc olur\u201d"},"content":{"rendered":"<p>Adalet Bakan\u0131 Ak\u0131n G\u00fcrlek, \u0130stanbul Cumhuriyet Ba\u015fsavc\u0131l\u0131\u011f\u0131 taraf\u0131ndan d\u00fczenlenen iftar program\u0131na kat\u0131ld\u0131. Bakan G\u00fcrlek, burada yapt\u0131\u011f\u0131 konu\u015fmada Avrupa\u2019n\u0131n ve T\u00fcrkiye\u2019nin en b\u00fcy\u00fck adliyelerini b\u00fcnyesinde bulunduran \u0130stanbul\u2019un T\u00fcrkiye\u2019nin hukuk haf\u0131zas\u0131n\u0131n en kuvvetli merkezlerinden birisi oldu\u011funu dile getirdi. Ge\u00e7mi\u015fte \u0130stanbul Adliyesi\u2019nde g\u00f6rev yapt\u0131\u011f\u0131n\u0131 an\u0131msatan Bakan G\u00fcrlek, adliyelerde verilen her karar\u0131n milletin adalete olan g\u00fcveninin teminat\u0131 oldu\u011funu vurgulad\u0131.<\/p>\n<p><a href=\"https:\/\/www.son.tv\/wp-content\/uploads\/2026\/03\/WhatsApp-Image-2026-03-13-at-22.11.00-7.jpeg\"><img fetchpriority=\"high\" decoding=\"async\" class=\"alignnone size-large wp-image-169372\" src=\"https:\/\/www.son.tv\/wp-content\/uploads\/2026\/03\/WhatsApp-Image-2026-03-13-at-22.11.00-7-1024x682.jpeg\" alt=\"\" width=\"1024\" height=\"682\" \/><\/a><\/p>\n<p>\u201cAdalet g\u00fc\u00e7l\u00fc olursa devlet g\u00fc\u00e7l\u00fc olur, adalet g\u00fc\u00e7l\u00fc olursa millet g\u00fc\u00e7l\u00fc olur, adalet g\u00fc\u00e7l\u00fc olursa gelecek daha da g\u00fcvenli olur.\u201d diyen Bakan G\u00fcrlek, \u201cBizim i\u00e7in en b\u00fcy\u00fck g\u00fc\u00e7 adalet te\u015fkilat\u0131m\u0131z\u0131n birikimi, eme\u011fi ve vicdan\u0131d\u0131r. Sizlerin \u00f6zverili \u00e7al\u0131\u015fmalar\u0131 sayesinde hukuk devleti ilkesini daha da g\u00fc\u00e7lendiren bir yarg\u0131 sistemini in\u015fa etmeye devam edece\u011fiz.\u201d ifadelerini kulland\u0131.<\/p>\n<p><a href=\"https:\/\/www.son.tv\/wp-content\/uploads\/2026\/03\/WhatsApp-Image-2026-03-13-at-22.11.00-1-1.jpeg\"><img decoding=\"async\" class=\"alignnone size-large wp-image-169373\" src=\"https:\/\/www.son.tv\/wp-content\/uploads\/2026\/03\/WhatsApp-Image-2026-03-13-at-22.11.00-1-1-1024x682.jpeg\" alt=\"\" width=\"1024\" height=\"682\" \/><\/a><\/p>\n<p><strong>\u201cHEDEF\u0130M\u0130Z DAHA HIZLI VE G\u00dcVEN VEREN B\u0130R ADALET S\u0130STEM\u0130\u201d<\/strong><\/p>\n<p>Adalet Bakan\u0131 G\u00fcrlek, y\u00fcr\u00fct\u00fclen reform \u00e7al\u0131\u015fmalar\u0131n\u0131n temel amac\u0131n\u0131n toplumun adalete olan g\u00fcvenini g\u00fc\u00e7lendirmek oldu\u011funu s\u00f6yledi. Bakan G\u00fcrlek, \u201cAdalet devletin en sa\u011flam dayana\u011f\u0131d\u0131r. Topluma g\u00fcven veren ve onu ayakta tutan en temel de\u011feridir. Bizim medeniyet tasavvurumuzda devletin temeli adalettir. Bizim gelene\u011fimizde adalet yaln\u0131zca bir y\u00f6netim de\u011fil, ayn\u0131 zamanda toplum d\u00fczeninin, huzurun ve birlikte ya\u015fama iradesinin en g\u00fc\u00e7l\u00fc teminat\u0131d\u0131r. Toplum adalete yaln\u0131zca sonu\u00e7lar\u0131na bakarak g\u00fcven duymaz. \u0130nsanlar s\u00fcrecin de adil olundu\u011funa inand\u0131klar\u0131nda adalet duygusu ger\u00e7ek anlam\u0131n\u0131 bulur.\u00a0 Bu nedenle bizim i\u00e7in en \u00f6nemli meselelerden biri milletimizin adalete olan g\u00fcveninin her ge\u00e7en g\u00fcn artmas\u0131n\u0131 sa\u011flamakt\u0131r. Adaletin gecikmedi\u011fi, hak arama yollar\u0131n\u0131n g\u00fc\u00e7lendi\u011fi, yarg\u0131ya duyulan g\u00fcvenin g\u00fcnden g\u00fcne artt\u0131\u011f\u0131 bir sistemi in\u015fa edece\u011fiz. Hedefimiz daha h\u0131zl\u0131 i\u015fleyen, daha \u00f6ng\u00f6r\u00fclebilir ve daha g\u00fcven veren bir adalet sistemidir. \u00c7\u00fcnk\u00fc geciken adalet yaln\u0131zca dava dosyas\u0131n\u0131 de\u011fil ayn\u0131 zamanda toplumun umutlar\u0131n\u0131 da yormaktad\u0131r.\u201d dedi.<\/p>\n<p><a href=\"https:\/\/www.son.tv\/wp-content\/uploads\/2026\/03\/WhatsApp-Image-2026-03-13-at-22.11.00-2-1.jpeg\"><img decoding=\"async\" class=\"alignnone size-large wp-image-169374\" src=\"https:\/\/www.son.tv\/wp-content\/uploads\/2026\/03\/WhatsApp-Image-2026-03-13-at-22.11.00-2-1-1024x682.jpeg\" alt=\"\" width=\"1024\" height=\"682\" \/><\/a><\/p>\n<p><strong>\u0130ST\u0130KLAL MAR\u015eI VURGUSU<\/strong><\/p>\n<p>Konu\u015fmas\u0131nda \u0130stiklal Mar\u015f\u0131\u2019n\u0131n kabul\u00fcn\u00fcn y\u0131l d\u00f6n\u00fcm\u00fcne de de\u011finen G\u00fcrlek, Mehmet Akif Ersoy\u2019un dizelerinde milletin ba\u011f\u0131ms\u0131zl\u0131k iradesinin ve \u00f6zg\u00fcrl\u00fck ruhunun en g\u00fc\u00e7l\u00fc \u015fekilde ifade edildi\u011fini s\u00f6yledi. Adalet Bakan\u0131 G\u00fcrlek, \u0130stiklal Mar\u015f\u0131\u2019n\u0131n yaln\u0131zca ba\u011f\u0131ms\u0131zl\u0131\u011f\u0131 de\u011fil, ayn\u0131 zamanda adalet duygusunu ve millet iradesini de yans\u0131tt\u0131\u011f\u0131n\u0131 ifade ederek T\u00fcrkiye\u2019nin devlet gelene\u011finde adaletin her zaman en temel ilke oldu\u011funun alt\u0131n\u0131 \u00e7izdi.<\/p>\n<p><a href=\"https:\/\/www.son.tv\/wp-content\/uploads\/2026\/03\/WhatsApp-Image-2026-03-13-at-22.11.00-3-1.jpeg\"><img loading=\"lazy\" decoding=\"async\" loading=\"lazy\" class=\"alignnone size-large wp-image-169375\" src=\"https:\/\/www.son.tv\/wp-content\/uploads\/2026\/03\/WhatsApp-Image-2026-03-13-at-22.11.00-3-1-1024x682.jpeg\" alt=\"\" width=\"1024\" height=\"682\" \/><\/a><\/p>\n<p><strong>BAKAN G\u00dcRLEK, \u015eEH\u0130T SAVCI MEHMET SEL\u0130M K\u0130RAZ\u2019I ANDI<\/strong><\/p>\n<p>Konu\u015fmas\u0131nda \u015fehit yarg\u0131 mensuplar\u0131n\u0131 da anan G\u00fcrlek, g\u00f6revleri s\u0131ras\u0131nda hayat\u0131n\u0131 kaybeden yarg\u0131 mensuplar\u0131n\u0131n adalet m\u00fccadelesinin ilham kayna\u011f\u0131 oldu\u011funu belirtti.\u00a0 Bakan G\u00fcrlek, \u201c\u015eehit Cumhuriyet Savc\u0131m\u0131z Mehmet Selim Kiraz ba\u015fta olmak \u00fczere g\u00f6revleri s\u0131ras\u0131nda hak ve adalet u\u011fruna \u015fehit olan t\u00fcm yarg\u0131 mensuplar\u0131m\u0131za Allah\u2019tan rahmet diliyorum.\u201d dedi.<\/p>\n<p><a href=\"https:\/\/www.son.tv\/wp-content\/uploads\/2026\/03\/WhatsApp-Image-2026-03-13-at-22.11.00-4-1.jpeg\"><img loading=\"lazy\" decoding=\"async\" loading=\"lazy\" class=\"alignnone size-large wp-image-169376\" src=\"https:\/\/www.son.tv\/wp-content\/uploads\/2026\/03\/WhatsApp-Image-2026-03-13-at-22.11.00-4-1-1024x682.jpeg\" alt=\"\" width=\"1024\" height=\"682\" \/><\/a><\/p>\n<p>\u201cADALET PAYDASINDA BULU\u015eTU\u011eUMUZDA G\u00dc\u00c7L\u00dc B\u0130R TOPLUM OLURUZ\u201d<\/p>\n<p>\u0130stanbul Cumhuriyet Ba\u015fsavc\u0131s\u0131 Fatih D\u00f6nmez de tarih boyunca farkl\u0131 medeniyetlere ev sahipli\u011fi yapm\u0131\u015f, k\u00f6kl\u00fc devlet ve adalet geleneklerinin \u00f6nemli merkezlerinden biri olan \u0130stanbul\u2019da kat\u0131l\u0131mc\u0131lar\u0131 a\u011f\u0131rlamaktan memnuniyet duydu\u011funu s\u00f6yledi. \u0130stanbul gibi kadim bir \u015fehrin sorumlulu\u011funu omuzlar\u0131nda ta\u015f\u0131rken hukukun \u00fcst\u00fcnl\u00fc\u011f\u00fc ilkesinden asla taviz vermeden, tarafs\u0131zl\u0131k ve ba\u011f\u0131ms\u0131zl\u0131k i\u00e7erisinde g\u00f6rev yapmaya gayret ettiklerini belirten D\u00f6nmez, \u201cHer bir cumhuriyet savc\u0131m\u0131z her bir hakimimiz, her bir personelimiz insan onurunu esas alan temel hak ve \u00f6zg\u00fcrl\u00fcklere sayg\u0131l\u0131 bir anlay\u0131\u015fla milletimize hizmet etmektedir. Bu m\u00fcbarek ay\u0131n bizlere hat\u0131rlatt\u0131\u011f\u0131 en \u00f6nemli hakikatlerden biri de birlik ve beraberliktir. Farkl\u0131 d\u00fc\u015f\u00fcncelere, farkl\u0131 hayatlara sahip olabiliriz. Ancak adalet paydas\u0131nda bulu\u015ftu\u011fumuzda g\u00fc\u00e7l\u00fc bir toplum oluruz. Bizlere d\u00fc\u015fen g\u00f6rev, hukuka olan g\u00fcveni daha da peki\u015ftirmek, adalet hizmetlerinin daha etkin, daha h\u0131zl\u0131 ve daha eri\u015febilir k\u0131lmakt\u0131r.\u201d dedi.<\/p>\n<p><a href=\"https:\/\/www.son.tv\/wp-content\/uploads\/2026\/03\/WhatsApp-Image-2026-03-13-at-22.11.04-2-1.jpeg\"><img loading=\"lazy\" decoding=\"async\" loading=\"lazy\" class=\"alignnone size-large wp-image-169377\" src=\"https:\/\/www.son.tv\/wp-content\/uploads\/2026\/03\/WhatsApp-Image-2026-03-13-at-22.11.04-2-1-1024x682.jpeg\" alt=\"\" width=\"1024\" height=\"682\" \/><\/a> <a href=\"https:\/\/www.son.tv\/wp-content\/uploads\/2026\/03\/WhatsApp-Image-2026-03-13-at-22.11.04-1-1.jpeg\"><img loading=\"lazy\" decoding=\"async\" loading=\"lazy\" class=\"alignnone size-large wp-image-169378\" src=\"https:\/\/www.son.tv\/wp-content\/uploads\/2026\/03\/WhatsApp-Image-2026-03-13-at-22.11.04-1-1-1024x682.jpeg\" alt=\"\" width=\"1024\" height=\"682\" \/><\/a> <a href=\"https:\/\/www.son.tv\/wp-content\/uploads\/2026\/03\/WhatsApp-Image-2026-03-13-at-22.11.04-5.jpeg\"><img loading=\"lazy\" decoding=\"async\" loading=\"lazy\" class=\"alignnone size-large wp-image-169379\" src=\"https:\/\/www.son.tv\/wp-content\/uploads\/2026\/03\/WhatsApp-Image-2026-03-13-at-22.11.04-5-1024x682.jpeg\" alt=\"\" width=\"1024\" height=\"682\" \/><\/a> <a href=\"https:\/\/www.son.tv\/wp-content\/uploads\/2026\/03\/WhatsApp-Image-2026-03-13-at-22.11.03-7-1.jpeg\"><img loading=\"lazy\" decoding=\"async\" loading=\"lazy\" class=\"alignnone size-large wp-image-169380\" src=\"https:\/\/www.son.tv\/wp-content\/uploads\/2026\/03\/WhatsApp-Image-2026-03-13-at-22.11.03-7-1-1024x682.jpeg\" alt=\"\" width=\"1024\" height=\"682\" \/><\/a> <a href=\"https:\/\/www.son.tv\/wp-content\/uploads\/2026\/03\/WhatsApp-Image-2026-03-13-at-22.11.03-6-1.jpeg\"><img loading=\"lazy\" decoding=\"async\" loading=\"lazy\" class=\"alignnone size-large wp-image-169381\" src=\"https:\/\/www.son.tv\/wp-content\/uploads\/2026\/03\/WhatsApp-Image-2026-03-13-at-22.11.03-6-1-1024x682.jpeg\" alt=\"\" width=\"1024\" height=\"682\" \/><\/a> <a href=\"https:\/\/www.son.tv\/wp-content\/uploads\/2026\/03\/WhatsApp-Image-2026-03-13-at-22.11.03-5-1.jpeg\"><img loading=\"lazy\" decoding=\"async\" loading=\"lazy\" class=\"alignnone size-large wp-image-169382\" src=\"https:\/\/www.son.tv\/wp-content\/uploads\/2026\/03\/WhatsApp-Image-2026-03-13-at-22.11.03-5-1-1024x682.jpeg\" alt=\"\" width=\"1024\" height=\"682\" \/><\/a> <a href=\"https:\/\/www.son.tv\/wp-content\/uploads\/2026\/03\/WhatsApp-Image-2026-03-13-at-22.11.03-4-1.jpeg\"><img loading=\"lazy\" decoding=\"async\" loading=\"lazy\" class=\"alignnone size-large wp-image-169383\" src=\"https:\/\/www.son.tv\/wp-content\/uploads\/2026\/03\/WhatsApp-Image-2026-03-13-at-22.11.03-4-1-1024x682.jpeg\" alt=\"\" width=\"1024\" height=\"682\" \/><\/a> <a href=\"https:\/\/www.son.tv\/wp-content\/uploads\/2026\/03\/WhatsApp-Image-2026-03-13-at-22.11.03-3-2.jpeg\"><img loading=\"lazy\" decoding=\"async\" loading=\"lazy\" class=\"alignnone size-large wp-image-169384\" src=\"https:\/\/www.son.tv\/wp-content\/uploads\/2026\/03\/WhatsApp-Image-2026-03-13-at-22.11.03-3-2-1024x682.jpeg\" alt=\"\" width=\"1024\" height=\"682\" \/><\/a> <a href=\"https:\/\/www.son.tv\/wp-content\/uploads\/2026\/03\/WhatsApp-Image-2026-03-13-at-22.11.03-2-1.jpeg\"><img loading=\"lazy\" decoding=\"async\" loading=\"lazy\" class=\"alignnone size-large wp-image-169385\" src=\"https:\/\/www.son.tv\/wp-content\/uploads\/2026\/03\/WhatsApp-Image-2026-03-13-at-22.11.03-2-1-1024x682.jpeg\" alt=\"\" width=\"1024\" height=\"682\" \/><\/a> <a href=\"https:\/\/www.son.tv\/wp-content\/uploads\/2026\/03\/WhatsApp-Image-2026-03-13-at-22.11.03-1-1.jpeg\"><img loading=\"lazy\" decoding=\"async\" loading=\"lazy\" class=\"alignnone size-large wp-image-169386\" src=\"https:\/\/www.son.tv\/wp-content\/uploads\/2026\/03\/WhatsApp-Image-2026-03-13-at-22.11.03-1-1-1024x576.jpeg\" alt=\"\" width=\"1024\" height=\"576\" \/><\/a> <a href=\"https:\/\/www.son.tv\/wp-content\/uploads\/2026\/03\/WhatsApp-Image-2026-03-13-at-22.11.03-8.jpeg\"><img loading=\"lazy\" decoding=\"async\" loading=\"lazy\" class=\"alignnone size-large wp-image-169387\" src=\"https:\/\/www.son.tv\/wp-content\/uploads\/2026\/03\/WhatsApp-Image-2026-03-13-at-22.11.03-8-1024x682.jpeg\" alt=\"\" width=\"1024\" height=\"682\" \/><\/a> <a href=\"https:\/\/www.son.tv\/wp-content\/uploads\/2026\/03\/WhatsApp-Image-2026-03-13-at-22.11.02-8-1.jpeg\"><img loading=\"lazy\" decoding=\"async\" loading=\"lazy\" class=\"alignnone size-large wp-image-169388\" src=\"https:\/\/www.son.tv\/wp-content\/uploads\/2026\/03\/WhatsApp-Image-2026-03-13-at-22.11.02-8-1-1024x682.jpeg\" alt=\"\" width=\"1024\" height=\"682\" \/><\/a> <a href=\"https:\/\/www.son.tv\/wp-content\/uploads\/2026\/03\/WhatsApp-Image-2026-03-13-at-22.11.02-7-1.jpeg\"><img loading=\"lazy\" decoding=\"async\" loading=\"lazy\" class=\"alignnone size-large wp-image-169389\" src=\"https:\/\/www.son.tv\/wp-content\/uploads\/2026\/03\/WhatsApp-Image-2026-03-13-at-22.11.02-7-1-1024x682.jpeg\" alt=\"\" width=\"1024\" height=\"682\" \/><\/a> <a href=\"https:\/\/www.son.tv\/wp-content\/uploads\/2026\/03\/WhatsApp-Image-2026-03-13-at-22.11.02-6-1.jpeg\"><img loading=\"lazy\" decoding=\"async\" loading=\"lazy\" class=\"alignnone size-large wp-image-169390\" src=\"https:\/\/www.son.tv\/wp-content\/uploads\/2026\/03\/WhatsApp-Image-2026-03-13-at-22.11.02-6-1-1024x576.jpeg\" alt=\"\" width=\"1024\" height=\"576\" \/><\/a> <a href=\"https:\/\/www.son.tv\/wp-content\/uploads\/2026\/03\/WhatsApp-Image-2026-03-13-at-22.11.02-5-1.jpeg\"><img loading=\"lazy\" decoding=\"async\" loading=\"lazy\" class=\"alignnone size-large wp-image-169391\" src=\"https:\/\/www.son.tv\/wp-content\/uploads\/2026\/03\/WhatsApp-Image-2026-03-13-at-22.11.02-5-1-1024x682.jpeg\" alt=\"\" width=\"1024\" height=\"682\" \/><\/a> <a href=\"https:\/\/www.son.tv\/wp-content\/uploads\/2026\/03\/WhatsApp-Image-2026-03-13-at-22.11.02-4-1.jpeg\"><img loading=\"lazy\" decoding=\"async\" loading=\"lazy\" class=\"alignnone size-large wp-image-169392\" src=\"https:\/\/www.son.tv\/wp-content\/uploads\/2026\/03\/WhatsApp-Image-2026-03-13-at-22.11.02-4-1-1024x682.jpeg\" alt=\"\" width=\"1024\" height=\"682\" \/><\/a> <a href=\"https:\/\/www.son.tv\/wp-content\/uploads\/2026\/03\/WhatsApp-Image-2026-03-13-at-22.11.02-3-1.jpeg\"><img loading=\"lazy\" decoding=\"async\" loading=\"lazy\" class=\"alignnone size-large wp-image-169393\" src=\"https:\/\/www.son.tv\/wp-content\/uploads\/2026\/03\/WhatsApp-Image-2026-03-13-at-22.11.02-3-1-1024x682.jpeg\" alt=\"\" width=\"1024\" height=\"682\" \/><\/a> <a href=\"https:\/\/www.son.tv\/wp-content\/uploads\/2026\/03\/WhatsApp-Image-2026-03-13-at-22.11.02-2-1.jpeg\"><img loading=\"lazy\" decoding=\"async\" loading=\"lazy\" class=\"alignnone size-large wp-image-169394\" src=\"https:\/\/www.son.tv\/wp-content\/uploads\/2026\/03\/WhatsApp-Image-2026-03-13-at-22.11.02-2-1-1024x576.jpeg\" alt=\"\" width=\"1024\" height=\"576\" \/><\/a> <a href=\"https:\/\/www.son.tv\/wp-content\/uploads\/2026\/03\/WhatsApp-Image-2026-03-13-at-22.11.02-1-1.jpeg\"><img loading=\"lazy\" decoding=\"async\" loading=\"lazy\" class=\"alignnone size-large wp-image-169395\" src=\"https:\/\/www.son.tv\/wp-content\/uploads\/2026\/03\/WhatsApp-Image-2026-03-13-at-22.11.02-1-1-1024x682.jpeg\" alt=\"\" width=\"1024\" height=\"682\" \/><\/a> <a href=\"https:\/\/www.son.tv\/wp-content\/uploads\/2026\/03\/WhatsApp-Image-2026-03-13-at-22.11.02-9.jpeg\"><img loading=\"lazy\" decoding=\"async\" loading=\"lazy\" class=\"alignnone size-large wp-image-169396\" src=\"https:\/\/www.son.tv\/wp-content\/uploads\/2026\/03\/WhatsApp-Image-2026-03-13-at-22.11.02-9-1024x682.jpeg\" alt=\"\" width=\"1024\" height=\"682\" \/><\/a> <a href=\"https:\/\/www.son.tv\/wp-content\/uploads\/2026\/03\/WhatsApp-Image-2026-03-13-at-22.11.01-7-1.jpeg\"><img loading=\"lazy\" decoding=\"async\" loading=\"lazy\" class=\"alignnone size-large wp-image-169397\" src=\"https:\/\/www.son.tv\/wp-content\/uploads\/2026\/03\/WhatsApp-Image-2026-03-13-at-22.11.01-7-1-1024x682.jpeg\" alt=\"\" width=\"1024\" height=\"682\" \/><\/a> <a href=\"https:\/\/www.son.tv\/wp-content\/uploads\/2026\/03\/WhatsApp-Image-2026-03-13-at-22.11.01-6-1.jpeg\"><img loading=\"lazy\" decoding=\"async\" loading=\"lazy\" class=\"alignnone size-large wp-image-169398\" src=\"https:\/\/www.son.tv\/wp-content\/uploads\/2026\/03\/WhatsApp-Image-2026-03-13-at-22.11.01-6-1-1024x682.jpeg\" alt=\"\" width=\"1024\" height=\"682\" \/><\/a> <a href=\"https:\/\/www.son.tv\/wp-content\/uploads\/2026\/03\/WhatsApp-Image-2026-03-13-at-22.11.01-5-1.jpeg\"><img loading=\"lazy\" decoding=\"async\" loading=\"lazy\" class=\"alignnone size-large wp-image-169399\" src=\"https:\/\/www.son.tv\/wp-content\/uploads\/2026\/03\/WhatsApp-Image-2026-03-13-at-22.11.01-5-1-1024x682.jpeg\" alt=\"\" width=\"1024\" height=\"682\" \/><\/a> <a href=\"https:\/\/www.son.tv\/wp-content\/uploads\/2026\/03\/WhatsApp-Image-2026-03-13-at-22.11.01-4-1.jpeg\"><img loading=\"lazy\" decoding=\"async\" loading=\"lazy\" class=\"alignnone size-large wp-image-169400\" src=\"https:\/\/www.son.tv\/wp-content\/uploads\/2026\/03\/WhatsApp-Image-2026-03-13-at-22.11.01-4-1-1024x682.jpeg\" alt=\"\" width=\"1024\" height=\"682\" \/><\/a> <a href=\"https:\/\/www.son.tv\/wp-content\/uploads\/2026\/03\/WhatsApp-Image-2026-03-13-at-22.11.01-3-1.jpeg\"><img loading=\"lazy\" decoding=\"async\" loading=\"lazy\" class=\"alignnone size-large wp-image-169401\" src=\"https:\/\/www.son.tv\/wp-content\/uploads\/2026\/03\/WhatsApp-Image-2026-03-13-at-22.11.01-3-1-1024x682.jpeg\" alt=\"\" width=\"1024\" height=\"682\" \/><\/a> <a href=\"https:\/\/www.son.tv\/wp-content\/uploads\/2026\/03\/WhatsApp-Image-2026-03-13-at-22.11.01-2-1.jpeg\"><img loading=\"lazy\" decoding=\"async\" loading=\"lazy\" class=\"alignnone size-large wp-image-169402\" src=\"https:\/\/www.son.tv\/wp-content\/uploads\/2026\/03\/WhatsApp-Image-2026-03-13-at-22.11.01-2-1-1024x682.jpeg\" alt=\"\" width=\"1024\" height=\"682\" \/><\/a> <a href=\"https:\/\/www.son.tv\/wp-content\/uploads\/2026\/03\/WhatsApp-Image-2026-03-13-at-22.11.01-8.jpeg\"><img loading=\"lazy\" decoding=\"async\" loading=\"lazy\" class=\"alignnone size-large wp-image-169404\" src=\"https:\/\/www.son.tv\/wp-content\/uploads\/2026\/03\/WhatsApp-Image-2026-03-13-at-22.11.01-8-1024x682.jpeg\" alt=\"\" width=\"1024\" height=\"682\" \/><\/a> <a href=\"https:\/\/www.son.tv\/wp-content\/uploads\/2026\/03\/WhatsApp-Image-2026-03-13-at-22.11.00-6-1.jpeg\"><img loading=\"lazy\" decoding=\"async\" loading=\"lazy\" class=\"alignnone size-large wp-image-169405\" src=\"https:\/\/www.son.tv\/wp-content\/uploads\/2026\/03\/WhatsApp-Image-2026-03-13-at-22.11.00-6-1-1024x682.jpeg\" alt=\"\" width=\"1024\" height=\"682\" \/><\/a> <a href=\"https:\/\/www.son.tv\/wp-content\/uploads\/2026\/03\/WhatsApp-Image-2026-03-13-at-22.11.00-5-1.jpeg\"><img loading=\"lazy\" decoding=\"async\" loading=\"lazy\" class=\"alignnone size-large wp-image-169406\" src=\"https:\/\/www.son.tv\/wp-content\/uploads\/2026\/03\/WhatsApp-Image-2026-03-13-at-22.11.00-5-1-1024x682.jpeg\" alt=\"\" width=\"1024\" height=\"682\" \/><\/a> <a href=\"https:\/\/www.son.tv\/wp-content\/uploads\/2026\/03\/WhatsApp-Image-2026-03-13-at-22.11.04-3-1.jpeg\"><img loading=\"lazy\" decoding=\"async\" loading=\"lazy\" class=\"alignnone size-large wp-image-169407\" src=\"https:\/\/www.son.tv\/wp-content\/uploads\/2026\/03\/WhatsApp-Image-2026-03-13-at-22.11.04-3-1-1024x682.jpeg\" alt=\"\" width=\"1024\" height=\"682\" \/><\/a><\/p>\n<p>\u00a0<\/p>\n<p>\u00a0<\/p>\n<p>\u0130stanbul\u00a0Cumhuriyet Ba\u015fsavc\u0131l\u0131\u011f\u0131n\u0131n d\u00fczenledi\u011fi iftar program\u0131nda konu\u015fan Adalet Bakan\u0131 Ak\u0131n G\u00fcrlek, daha h\u0131zl\u0131 i\u015fleyen, daha \u00f6ng\u00f6r\u00fclebilir ve daha g\u00fcven veren bir adalet sistemi i\u00e7in \u00e7al\u0131\u015fmaya devam ettiklerini belirterek \u201cAdalet g\u00fc\u00e7l\u00fc olursa devlet g\u00fc\u00e7l\u00fc olur, adalet g\u00fc\u00e7l\u00fc olursa millet g\u00fc\u00e7l\u00fc olur, adalet g\u00fc\u00e7l\u00fc olursa gelecek daha da g\u00fcvenli olur.\u201d dedi.\u00a0<a href=\"https:\/\/www.son.tv\/bakan-gurlek-adalet-guclu-olursa-devlet-de-millet-de-guclu-olur\/\" target=\"_blank\" class=\"feedzy-rss-link-icon\">Read More<\/a><\/p>","protected":false},"excerpt":{"rendered":"<p>Adalet Bakan\u0131 Ak\u0131n G\u00fcrlek, \u0130stanbul Cumhuriyet Ba\u015fsavc\u0131l\u0131\u011f\u0131 taraf\u0131ndan d\u00fczenlenen iftar program\u0131na kat\u0131ld\u0131. Bakan G\u00fcrlek, burada yapt\u0131\u011f\u0131 konu\u015fmada Avrupa\u2019n\u0131n ve T\u00fcrkiye\u2019nin en b\u00fcy\u00fck adliyelerini b\u00fcnyesinde bulunduran \u0130stanbul\u2019un T\u00fcrkiye\u2019nin hukuk haf\u0131zas\u0131n\u0131n en kuvvetli merkezlerinden birisi oldu\u011funu dile getirdi. Ge\u00e7mi\u015fte \u0130stanbul Adliyesi\u2019nde g\u00f6rev yapt\u0131\u011f\u0131n\u0131 an\u0131msatan Bakan G\u00fcrlek, adliyelerde verilen her karar\u0131n milletin adalete olan g\u00fcveninin teminat\u0131 oldu\u011funu vurgulad\u0131. [&hellip;]<\/p>\n","protected":false},"author":1,"featured_media":23140,"comment_status":"open","ping_status":"open","sticky":false,"template":"","format":"standard","meta":{"footnotes":"","_links_to":"","_links_to_target":""},"categories":[1],"tags":[],"class_list":["post-23139","post","type-post","status-publish","format-standard","has-post-thumbnail","hentry","category-haberler"],"_links":{"self":[{"href":"https:\/\/www.abchukuk.com\/index.php\/wp-json\/wp\/v2\/posts\/23139","targetHints":{"allow":["GET"]}}],"collection":[{"href":"https:\/\/www.abchukuk.com\/index.php\/wp-json\/wp\/v2\/posts"}],"about":[{"href":"https:\/\/www.abchukuk.com\/index.php\/wp-json\/wp\/v2\/types\/post"}],"author":[{"embeddable":true,"href":"https:\/\/www.abchukuk.com\/index.php\/wp-json\/wp\/v2\/users\/1"}],"replies":[{"embeddable":true,"href":"https:\/\/www.abchukuk.com\/index.php\/wp-json\/wp\/v2\/comments?post=23139"}],"version-history":[{"count":0,"href":"https:\/\/www.abchukuk.com\/index.php\/wp-json\/wp\/v2\/posts\/23139\/revisions"}],"wp:featuredmedia":[{"embeddable":true,"href":"https:\/\/www.abchukuk.com\/index.php\/wp-json\/wp\/v2\/media\/23140"}],"wp:attachment":[{"href":"https:\/\/www.abchukuk.com\/index.php\/wp-json\/wp\/v2\/media?parent=23139"}],"wp:term":[{"taxonomy":"category","embeddable":true,"href":"https:\/\/www.abchukuk.com\/index.php\/wp-json\/wp\/v2\/categories?post=23139"},{"taxonomy":"post_tag","embeddable":true,"href":"https:\/\/www.abchukuk.com\/index.php\/wp-json\/wp\/v2\/tags?post=23139"}],"curies":[{"name":"wp","href":"https:\/\/api.w.org\/{rel}","templated":true}]}}