{"id":23131,"date":"2026-03-13T19:30:24","date_gmt":"2026-03-13T19:30:24","guid":{"rendered":"https:\/\/www.abchukuk.com\/index.php\/2026\/03\/13\/bakan-gurlekten-net-mesaj-adalet-gucluden-yana-algisini-hep-birlikte-kiracagiz\/"},"modified":"2026-03-13T19:30:24","modified_gmt":"2026-03-13T19:30:24","slug":"bakan-gurlekten-net-mesaj-adalet-gucluden-yana-algisini-hep-birlikte-kiracagiz","status":"publish","type":"post","link":"https:\/\/www.abchukuk.com\/index.php\/2026\/03\/13\/bakan-gurlekten-net-mesaj-adalet-gucluden-yana-algisini-hep-birlikte-kiracagiz\/","title":{"rendered":"Bakan G\u00fcrlek\u2019ten net mesaj: \u201cAdalet g\u00fc\u00e7l\u00fcden yana alg\u0131s\u0131n\u0131 hep birlikte k\u0131raca\u011f\u0131z\u201d"},"content":{"rendered":"<p>Adalet Bakan\u0131 Ak\u0131n G\u00fcrlek, \u0130stanbul B\u00f6lge \u0130dare Mahkemesi\u2019ni ziyaret etti. B\u00f6lge \u0130dare Mahkemesi Daire Ba\u015fkanlar\u0131 ve \u0130dare Mahkemeleri Ba\u015fkanlar\u0131yla toplant\u0131da bir araya gelen Bakan G\u00fcrlek, burada yapt\u0131\u011f\u0131 konu\u015fmada uygulamada ya\u015fanan sorunlar\u0131 yerinde dinlemek istediklerini belirterek \u201cSorunlar\u0131n\u0131z\u0131 dinlemek i\u00e7in geldik. Uygulamaya ili\u015fkin kar\u015f\u0131la\u015ft\u0131\u011f\u0131n\u0131z sorunlar varsa bakan yard\u0131mc\u0131lar\u0131m\u0131zla birlikte buraday\u0131z\u201d diye konu\u015ftu.<\/p>\n<p><a href=\"https:\/\/www.son.tv\/wp-content\/uploads\/2026\/03\/WhatsApp-Image-2026-03-13-at-22.20.03-1.jpeg\"><img fetchpriority=\"high\" decoding=\"async\" class=\"alignnone size-large wp-image-169353\" src=\"https:\/\/www.son.tv\/wp-content\/uploads\/2026\/03\/WhatsApp-Image-2026-03-13-at-22.20.03-1-1024x682.jpeg\" alt=\"\" width=\"1024\" height=\"682\" \/><\/a><\/p>\n<p>Yarg\u0131ya g\u00fcveni etkileyen iki temel sorun oldu\u011funa dikkat \u00e7eken Bakan G\u00fcrlek, adliyelere olan g\u00fcven duygusunun istenilen seviyede olmad\u0131\u011f\u0131n\u0131 s\u00f6yledi. Adalet Bakan\u0131 G\u00fcrlek, \u201cBunun iki temel sebebi var. Birincisi davalar\u0131n, yarg\u0131lamalar\u0131n uzamas\u0131. \u0130kincisi de adaletin g\u00fc\u00e7l\u00fcden yana oldu\u011fu alg\u0131s\u0131 var. Hepiniz \u00e7ok yo\u011fun \u00e7al\u0131\u015f\u0131yorsunuz. Bundan eminim ben. Evlerinize dosya g\u00f6t\u00fcr\u00fcyorsunuz. \u0130stanbul\u2019da g\u00f6rev yapan b\u00fct\u00fcn h\u00e2kim, savc\u0131lar mutlaka ailesinden \u00f6d\u00fcn veriyor. Kendinden \u00f6d\u00fcn veriyor. Sizden bir meslekta\u015f\u0131n\u0131z olarak dosyalar\u0131n\u0131za ihtimam g\u00f6stermenizi rica ediyorum. Yarg\u0131lama s\u00fcrelerinin uzamamas\u0131n\u0131 rica ediyorum. Biz b\u00fcy\u00fck bir aileyiz. Adalet g\u00fc\u00e7l\u00fcden yana alg\u0131s\u0131n\u0131 hep birlikte k\u0131raca\u011f\u0131z.\u201d dedi.<\/p>\n<p><a href=\"https:\/\/www.son.tv\/wp-content\/uploads\/2026\/03\/WhatsApp-Image-2026-03-13-at-22.20.02-1.jpeg\"><img loading=\"lazy\" decoding=\"async\" loading=\"lazy\" class=\"alignnone size-large wp-image-169354\" src=\"https:\/\/www.son.tv\/wp-content\/uploads\/2026\/03\/WhatsApp-Image-2026-03-13-at-22.20.02-1-1024x682.jpeg\" alt=\"\" width=\"1024\" height=\"682\" \/><\/a><\/p>\n<p>Toplant\u0131da yarg\u0131 mensuplar\u0131na \u00e7a\u011fr\u0131da bulunan Bakan Ak\u0131n G\u00fcrlek, davalar\u0131n makul s\u00fcrede sonu\u00e7land\u0131r\u0131lmas\u0131n\u0131n \u00f6nemine dikkat \u00e7ekti. Bakan G\u00fcrlek, \u201cDosyalar\u0131n\u0131za sahip \u00e7\u0131kman\u0131z\u0131 istiyorum. Kendinizi vatanda\u015f\u0131n yerine koyman\u0131z\u0131 istiyorum. \u0130dari yarg\u0131 olarak verdi\u011finiz bir y\u00fcr\u00fctmeyi durdurma karar\u0131 anl\u0131k olarak sistemi kilitleyebiliyor.\u201d diye konu\u015ftu.<\/p>\n<p><a href=\"https:\/\/www.son.tv\/wp-content\/uploads\/2026\/03\/WhatsApp-Image-2026-03-13-at-22.20.02.jpeg\"><img loading=\"lazy\" decoding=\"async\" loading=\"lazy\" class=\"alignnone size-large wp-image-169355\" src=\"https:\/\/www.son.tv\/wp-content\/uploads\/2026\/03\/WhatsApp-Image-2026-03-13-at-22.20.02-1024x682.jpeg\" alt=\"\" width=\"1024\" height=\"682\" \/><\/a><\/p>\n<p><strong>GEC\u0130KEN DOSYALAR YAKINDAN TAK\u0130P ED\u0130LECEK<\/strong><\/p>\n<p>Bakan G\u00fcrlek, yarg\u0131da hedef s\u00fcreleri \u00f6nemsediklerini belirterek \u201cBir dava hedef s\u00fcrede bitmezse bunun makul bir gerek\u00e7esi olmal\u0131. E\u011fer i\u015f yo\u011funlu\u011fu varsa yeni mahkeme kurulacak veya h\u00e2kim ve personel takviyesi yap\u0131lacak. Ama h\u00e2kimden kaynaklanan bir gecikme varsa gere\u011fi yap\u0131lacak.\u201d ifadelerini kulland\u0131. Yarg\u0131 te\u015fkilat\u0131n\u0131n b\u00fcy\u00fck bir yap\u0131 oldu\u011funu belirten Bakan Ak\u0131n G\u00fcrlek, mesle\u011fe zarar veren ki\u015filerle de m\u00fccadele edeceklerini vurgulad\u0131.<\/p>\n<p>ESENLERE YAKLA\u015eIK 300 LAJMAN ALMAYI D\u00dc\u015e\u00dcN\u00dcYORUZ<\/p>\n<p>\u0130stanbul\u2019daki h\u00e2kim ve savc\u0131lar i\u00e7in lojman imk\u00e2nlar\u0131n\u0131n art\u0131r\u0131laca\u011f\u0131n\u0131 belirten Bakan G\u00fcrlek, Anadolu yakas\u0131nda yeni lojmanlar\u0131n al\u0131nd\u0131\u011f\u0131n\u0131, ayr\u0131ca Esenler\u2019de de yeni bir proje planland\u0131\u011f\u0131n\u0131 a\u00e7\u0131klad\u0131. Bakan G\u00fcrlek, \u201cAnadolu Yakas\u0131\u2019nda yeni lojmanlar ald\u0131k. Esenler\u2019de de yakla\u015f\u0131k 300 lojman almay\u0131 d\u00fc\u015f\u00fcn\u00fcyoruz. Lojman problemini \u00e7\u00f6zece\u011fiz.\u201d \u015feklinde konu\u015ftu.<\/p>\n<p>Bakan G\u00fcrlek, H\u00e2kimler ve Savc\u0131lar Kurulu ilke kararlar\u0131 kapsam\u0131nda \u0130stanbul\u2019daki g\u00f6rev s\u00fcresine ili\u015fkin d\u00fczenlemeye de de\u011findi. \u0130stanbul\u2019un do\u011fu g\u00f6revi kapsam\u0131nda de\u011ferlendirilece\u011fini belirten Bakan G\u00fcrlek, g\u00f6rev s\u00fcresinin 10 y\u0131l olarak belirlendi\u011fini s\u00f6yledi.<\/p>\n<p>\u0130stanbul B\u00f6lge \u0130dare Mahkemesi\u2019ni ziyaret ederek, B\u00f6lge \u0130dare Mahkemesi Daire Ba\u015fkanlar\u0131 ve \u0130dare Mahkemeleri Ba\u015fkanlar\u0131yla toplant\u0131da bir araya gelen Adalet Bakan\u0131 Ak\u0131n G\u00fcrlek, 200 binden fazla \u00e7al\u0131\u015fan\u0131 bulunan yarg\u0131 te\u015fkilat\u0131n\u0131n sorunlar\u0131n\u0131 \u00e7\u00f6zmeye y\u00f6nelik \u00e7al\u0131\u015fmalar\u0131na devam ettiklerini belirterek adalete olan g\u00fcvenin y\u00fckselmesi i\u00e7in gerekli ad\u0131mlar\u0131 kararl\u0131l\u0131kla atacaklar\u0131n\u0131 s\u00f6yledi. Bakan G\u00fcrlek \u201cAdalet g\u00fc\u00e7l\u00fcden yana alg\u0131s\u0131n\u0131 hep birlikte k\u0131raca\u011f\u0131z.\u201d dedi.\u00a0<a href=\"https:\/\/www.son.tv\/bakan-gurlekten-net-mesaj-adalet-gucluden-yana-algisini-hep-birlikte-kiracagiz\/\" target=\"_blank\" class=\"feedzy-rss-link-icon\">Read More<\/a><\/p>","protected":false},"excerpt":{"rendered":"<p>Adalet Bakan\u0131 Ak\u0131n G\u00fcrlek, \u0130stanbul B\u00f6lge \u0130dare Mahkemesi\u2019ni ziyaret etti. B\u00f6lge \u0130dare Mahkemesi Daire Ba\u015fkanlar\u0131 ve \u0130dare Mahkemeleri Ba\u015fkanlar\u0131yla toplant\u0131da bir araya gelen Bakan G\u00fcrlek, burada yapt\u0131\u011f\u0131 konu\u015fmada uygulamada ya\u015fanan sorunlar\u0131 yerinde dinlemek istediklerini belirterek \u201cSorunlar\u0131n\u0131z\u0131 dinlemek i\u00e7in geldik. Uygulamaya ili\u015fkin kar\u015f\u0131la\u015ft\u0131\u011f\u0131n\u0131z sorunlar varsa bakan yard\u0131mc\u0131lar\u0131m\u0131zla birlikte buraday\u0131z\u201d diye konu\u015ftu. Yarg\u0131ya g\u00fcveni etkileyen iki temel [&hellip;]<\/p>\n","protected":false},"author":1,"featured_media":23132,"comment_status":"open","ping_status":"open","sticky":false,"template":"","format":"standard","meta":{"footnotes":"","_links_to":"","_links_to_target":""},"categories":[1],"tags":[],"class_list":["post-23131","post","type-post","status-publish","format-standard","has-post-thumbnail","hentry","category-haberler"],"_links":{"self":[{"href":"https:\/\/www.abchukuk.com\/index.php\/wp-json\/wp\/v2\/posts\/23131","targetHints":{"allow":["GET"]}}],"collection":[{"href":"https:\/\/www.abchukuk.com\/index.php\/wp-json\/wp\/v2\/posts"}],"about":[{"href":"https:\/\/www.abchukuk.com\/index.php\/wp-json\/wp\/v2\/types\/post"}],"author":[{"embeddable":true,"href":"https:\/\/www.abchukuk.com\/index.php\/wp-json\/wp\/v2\/users\/1"}],"replies":[{"embeddable":true,"href":"https:\/\/www.abchukuk.com\/index.php\/wp-json\/wp\/v2\/comments?post=23131"}],"version-history":[{"count":0,"href":"https:\/\/www.abchukuk.com\/index.php\/wp-json\/wp\/v2\/posts\/23131\/revisions"}],"wp:featuredmedia":[{"embeddable":true,"href":"https:\/\/www.abchukuk.com\/index.php\/wp-json\/wp\/v2\/media\/23132"}],"wp:attachment":[{"href":"https:\/\/www.abchukuk.com\/index.php\/wp-json\/wp\/v2\/media?parent=23131"}],"wp:term":[{"taxonomy":"category","embeddable":true,"href":"https:\/\/www.abchukuk.com\/index.php\/wp-json\/wp\/v2\/categories?post=23131"},{"taxonomy":"post_tag","embeddable":true,"href":"https:\/\/www.abchukuk.com\/index.php\/wp-json\/wp\/v2\/tags?post=23131"}],"curies":[{"name":"wp","href":"https:\/\/api.w.org\/{rel}","templated":true}]}}