{"id":23125,"date":"2026-03-13T18:53:30","date_gmt":"2026-03-13T18:53:30","guid":{"rendered":"https:\/\/www.abchukuk.com\/index.php\/2026\/03\/13\/bakan-gurlek-istanbul-bassavciligi-iftarinda-yargi-mensuplariyla-bulustu-sehit-savci-mehmet-selim-kirazi-andi\/"},"modified":"2026-03-13T18:53:30","modified_gmt":"2026-03-13T18:53:30","slug":"bakan-gurlek-istanbul-bassavciligi-iftarinda-yargi-mensuplariyla-bulustu-sehit-savci-mehmet-selim-kirazi-andi","status":"publish","type":"post","link":"https:\/\/www.abchukuk.com\/index.php\/2026\/03\/13\/bakan-gurlek-istanbul-bassavciligi-iftarinda-yargi-mensuplariyla-bulustu-sehit-savci-mehmet-selim-kirazi-andi\/","title":{"rendered":"Bakan G\u00fcrlek, \u0130stanbul Ba\u015fsavc\u0131l\u0131\u011f\u0131 iftar\u0131nda yarg\u0131 mensuplar\u0131yla bulu\u015ftu! \u015eehit Savc\u0131 Mehmet Selim Kiraz\u2019\u0131 and\u0131"},"content":{"rendered":"<p>Adalet Bakan\u0131 Ak\u0131n G\u00fcrlek, \u0130stanbul Cumhuriyet Ba\u015fsavc\u0131l\u0131\u011f\u0131n\u0131n d\u00fczenledi\u011fi iftar program\u0131nda HSK \u00fcyeleri, yarg\u0131 mensuplar\u0131 ve adalet te\u015fkilat\u0131n\u0131n temsilcileriyle bir araya geldi.<\/p>\n<p><a href=\"https:\/\/www.son.tv\/wp-content\/uploads\/2026\/03\/WhatsApp-Image-2026-03-13-at-21.51.01-1.jpeg\"><img fetchpriority=\"high\" decoding=\"async\" class=\"alignnone size-large wp-image-169308\" src=\"https:\/\/www.son.tv\/wp-content\/uploads\/2026\/03\/WhatsApp-Image-2026-03-13-at-21.51.01-1-1024x682.jpeg\" alt=\"\" width=\"1024\" height=\"682\" \/><\/a><\/p>\n<p>\u201cRAMAZAN AYININ, RAHMET\u0130N\u0130 BEREKET\u0130N\u0130 VE KARDE\u015eL\u0130K \u0130KL\u0130M\u0130 HEP B\u0130RL\u0130KTE YA\u015eADIK\u201d<\/p>\n<p>D\u00fczenlenen programa ili\u015fkin yapm\u0131\u015f oldu\u011fu a\u00e7\u0131klamada, \u201cRamazan ay\u0131n\u0131n rahmetini, bereketini ve karde\u015flik iklimini hep birlikte payla\u015fman\u0131n mutlulu\u011funu ya\u015fad\u0131k. B\u00fcy\u00fck bir sorumluluk bilinciyle g\u00f6rev yapan t\u00fcm h\u00e2kim ve savc\u0131lar\u0131m\u0131za, adalet personelimize ve yarg\u0131 te\u015fkilat\u0131m\u0131z\u0131n her bir mensubuna te\u015fekk\u00fcr ediyorum\u201d dedi.<\/p>\n<p><a href=\"https:\/\/www.son.tv\/wp-content\/uploads\/2026\/03\/WhatsApp-Image-2026-03-13-at-21.51.01-2.jpeg\"><img decoding=\"async\" class=\"alignnone size-large wp-image-169309\" src=\"https:\/\/www.son.tv\/wp-content\/uploads\/2026\/03\/WhatsApp-Image-2026-03-13-at-21.51.01-2-1024x682.jpeg\" alt=\"\" width=\"1024\" height=\"682\" \/><\/a><\/p>\n<p>\u201c\u015eEH\u0130T SAVCI MEHMET K\u0130RAZ OLMAK \u00dcZERE \u015eEH\u0130T D\u00dc\u015eEN T\u00dcM YARGI MENSUPLARINI RAHMETLE VE M\u0130NNET ANIYORUM\u201d<\/p>\n<p>Bakan G\u00fcrlek, \u015eehit Cumhuriyet Savc\u0131s\u0131 Mehmet Selim Kiraz ba\u015fta olmak \u00fczere hak ve adalet u\u011fruna \u015fehit d\u00fc\u015fen t\u00fcm yarg\u0131 mensuplar\u0131m\u0131z\u0131 rahmet ve minnetle and\u0131\u011f\u0131n\u0131 belirtti.<\/p>\n<p><a href=\"https:\/\/www.son.tv\/wp-content\/uploads\/2026\/03\/WhatsApp-Image-2026-03-13-at-21.51.01-3.jpeg\"><img decoding=\"async\" class=\"alignnone size-large wp-image-169310\" src=\"https:\/\/www.son.tv\/wp-content\/uploads\/2026\/03\/WhatsApp-Image-2026-03-13-at-21.51.01-3-1024x682.jpeg\" alt=\"\" width=\"1024\" height=\"682\" \/><\/a><\/p>\n<p>Adalet Bakan\u0131 Ak\u0131n G\u00fcrlek, \u0130stanbul Cumhuriyet Ba\u015fsavc\u0131l\u0131\u011f\u0131\u2019n\u0131n iftar program\u0131nda HSK \u00fcyeleri, h\u00e2kim ve savc\u0131lar ile adalet te\u015fkilat\u0131 temsilcileriyle bir araya geldi. Ramazan ay\u0131n\u0131n rahmet, bereket ve karde\u015flik ruhunun payla\u015f\u0131ld\u0131\u011f\u0131n\u0131 vurgulayan Bakan G\u00fcrlek, hak ve adalet u\u011fruna \u015fehit d\u00fc\u015fen yarg\u0131 mensuplar\u0131n\u0131, \u00f6zellikle \u015eehit Cumhuriyet Savc\u0131s\u0131 Mehmet Selim Kiraz\u2019\u0131 rahmet ve minnetle and\u0131.\u00a0<a href=\"https:\/\/www.son.tv\/bakan-gurlek-istanbul-bassavciligi-iftarinda-yargi-mensuplariyla-bulustu-sehit-savci-mehmet-selim-kirazi-andi\/\" target=\"_blank\" class=\"feedzy-rss-link-icon\">Read More<\/a><\/p>","protected":false},"excerpt":{"rendered":"<p>Adalet Bakan\u0131 Ak\u0131n G\u00fcrlek, \u0130stanbul Cumhuriyet Ba\u015fsavc\u0131l\u0131\u011f\u0131n\u0131n d\u00fczenledi\u011fi iftar program\u0131nda HSK \u00fcyeleri, yarg\u0131 mensuplar\u0131 ve adalet te\u015fkilat\u0131n\u0131n temsilcileriyle bir araya geldi. \u201cRAMAZAN AYININ, RAHMET\u0130N\u0130 BEREKET\u0130N\u0130 VE KARDE\u015eL\u0130K \u0130KL\u0130M\u0130 HEP B\u0130RL\u0130KTE YA\u015eADIK\u201d D\u00fczenlenen programa ili\u015fkin yapm\u0131\u015f oldu\u011fu a\u00e7\u0131klamada, \u201cRamazan ay\u0131n\u0131n rahmetini, bereketini ve karde\u015flik iklimini hep birlikte payla\u015fman\u0131n mutlulu\u011funu ya\u015fad\u0131k. B\u00fcy\u00fck bir sorumluluk bilinciyle g\u00f6rev yapan [&hellip;]<\/p>\n","protected":false},"author":1,"featured_media":23126,"comment_status":"open","ping_status":"open","sticky":false,"template":"","format":"standard","meta":{"footnotes":"","_links_to":"","_links_to_target":""},"categories":[1],"tags":[],"class_list":["post-23125","post","type-post","status-publish","format-standard","has-post-thumbnail","hentry","category-haberler"],"_links":{"self":[{"href":"https:\/\/www.abchukuk.com\/index.php\/wp-json\/wp\/v2\/posts\/23125","targetHints":{"allow":["GET"]}}],"collection":[{"href":"https:\/\/www.abchukuk.com\/index.php\/wp-json\/wp\/v2\/posts"}],"about":[{"href":"https:\/\/www.abchukuk.com\/index.php\/wp-json\/wp\/v2\/types\/post"}],"author":[{"embeddable":true,"href":"https:\/\/www.abchukuk.com\/index.php\/wp-json\/wp\/v2\/users\/1"}],"replies":[{"embeddable":true,"href":"https:\/\/www.abchukuk.com\/index.php\/wp-json\/wp\/v2\/comments?post=23125"}],"version-history":[{"count":0,"href":"https:\/\/www.abchukuk.com\/index.php\/wp-json\/wp\/v2\/posts\/23125\/revisions"}],"wp:featuredmedia":[{"embeddable":true,"href":"https:\/\/www.abchukuk.com\/index.php\/wp-json\/wp\/v2\/media\/23126"}],"wp:attachment":[{"href":"https:\/\/www.abchukuk.com\/index.php\/wp-json\/wp\/v2\/media?parent=23125"}],"wp:term":[{"taxonomy":"category","embeddable":true,"href":"https:\/\/www.abchukuk.com\/index.php\/wp-json\/wp\/v2\/categories?post=23125"},{"taxonomy":"post_tag","embeddable":true,"href":"https:\/\/www.abchukuk.com\/index.php\/wp-json\/wp\/v2\/tags?post=23125"}],"curies":[{"name":"wp","href":"https:\/\/api.w.org\/{rel}","templated":true}]}}