{"id":23123,"date":"2026-03-13T17:33:00","date_gmt":"2026-03-13T17:33:00","guid":{"rendered":"https:\/\/www.abchukuk.com\/index.php\/2026\/03\/13\/basin-konseyi-gazetecilerin-silivri-durusmalarinda-rahat-calismalari-saglanmalidir\/"},"modified":"2026-03-13T17:33:00","modified_gmt":"2026-03-13T17:33:00","slug":"basin-konseyi-gazetecilerin-silivri-durusmalarinda-rahat-calismalari-saglanmalidir","status":"publish","type":"post","link":"https:\/\/www.abchukuk.com\/index.php\/2026\/03\/13\/basin-konseyi-gazetecilerin-silivri-durusmalarinda-rahat-calismalari-saglanmalidir\/","title":{"rendered":"Bas\u0131n Konseyi: Gazetecilerin Silivri duru\u015fmalar\u0131nda rahat \u00e7al\u0131\u015fmalar\u0131 sa\u011flanmal\u0131d\u0131r"},"content":{"rendered":"<p>&#8220;\u0130BB Davas\u0131&#8221;n\u0131n 12 Mart 2026 Per\u015fembe g\u00fcnk\u00fc oturumunda gazetecilerin bas\u0131n b\u00f6l\u00fcm\u00fcnden ayr\u0131l\u0131p izleyiciler aras\u0131na ge\u00e7mesinin istenmesi karar\u0131yla ilgili Bas\u0131n Konseyi de bir a\u00e7\u0131klama yapt\u0131. A\u00e7\u0131klamada, &#8220;A\u00e7\u0131kl\u0131k ilkesi i\u00e7inde gazetecilerin, duru\u015fmalar\u0131 en uygun yerden dinlemelerinin, san\u0131klar\u0131 y\u00fczlerinden izlemelerinin \u00f6nemini hat\u0131rlat\u0131yor, salonda halk\u0131n habere ula\u015fabilmeleri i\u00e7in yeni d\u00fczenlemenin yap\u0131lmas\u0131n\u0131 bekliyoruz&#8221; denildi.&#8221;\u0130BB Davas\u0131&#8221;n\u0131n 12 Mart 2026 Per\u015fembe g\u00fcnk\u00fc oturumunda gazetecilerin bas\u0131n b\u00f6l\u00fcm\u00fcnden ayr\u0131l\u0131p izleyiciler aras\u0131na ge\u00e7mesinin istenmesi karar\u0131yla ilgili Bas\u0131n Konseyi de bir a\u00e7\u0131klama yapt\u0131. A\u00e7\u0131klamada, &#8220;A\u00e7\u0131kl\u0131k ilkesi i\u00e7inde gazetecilerin, duru\u015fmalar\u0131 en uygun yerden dinlemelerinin, san\u0131klar\u0131 y\u00fczlerinden izlemelerinin \u00f6nemini hat\u0131rlat\u0131yor, salonda halk\u0131n habere ula\u015fabilmeleri i\u00e7in yeni d\u00fczenlemenin yap\u0131lmas\u0131n\u0131 bekliyoruz&#8221; denildi.\u00a0<a href=\"https:\/\/www.cumhuriyet.com.tr\/turkiye\/basin-konseyi-gazetecilerin-silivri-durusmalarinda-rahat-calismalari-saglanmalidir-2486627\" target=\"_blank\" class=\"feedzy-rss-link-icon\">Read More<\/a><\/p>","protected":false},"excerpt":{"rendered":"<p>&#8220;\u0130BB Davas\u0131&#8221;n\u0131n 12 Mart 2026 Per\u015fembe g\u00fcnk\u00fc oturumunda gazetecilerin bas\u0131n b\u00f6l\u00fcm\u00fcnden ayr\u0131l\u0131p izleyiciler aras\u0131na ge\u00e7mesinin istenmesi karar\u0131yla ilgili Bas\u0131n Konseyi de bir a\u00e7\u0131klama yapt\u0131. A\u00e7\u0131klamada, &#8220;A\u00e7\u0131kl\u0131k ilkesi i\u00e7inde gazetecilerin, duru\u015fmalar\u0131 en uygun yerden dinlemelerinin, san\u0131klar\u0131 y\u00fczlerinden izlemelerinin \u00f6nemini hat\u0131rlat\u0131yor, salonda halk\u0131n habere ula\u015fabilmeleri i\u00e7in yeni d\u00fczenlemenin yap\u0131lmas\u0131n\u0131 bekliyoruz&#8221; denildi.&#8221;\u0130BB Davas\u0131&#8221;n\u0131n 12 Mart 2026 Per\u015fembe g\u00fcnk\u00fc [&hellip;]<\/p>\n","protected":false},"author":1,"featured_media":23124,"comment_status":"open","ping_status":"open","sticky":false,"template":"","format":"standard","meta":{"footnotes":"","_links_to":"","_links_to_target":""},"categories":[1],"tags":[],"class_list":["post-23123","post","type-post","status-publish","format-standard","has-post-thumbnail","hentry","category-haberler"],"_links":{"self":[{"href":"https:\/\/www.abchukuk.com\/index.php\/wp-json\/wp\/v2\/posts\/23123","targetHints":{"allow":["GET"]}}],"collection":[{"href":"https:\/\/www.abchukuk.com\/index.php\/wp-json\/wp\/v2\/posts"}],"about":[{"href":"https:\/\/www.abchukuk.com\/index.php\/wp-json\/wp\/v2\/types\/post"}],"author":[{"embeddable":true,"href":"https:\/\/www.abchukuk.com\/index.php\/wp-json\/wp\/v2\/users\/1"}],"replies":[{"embeddable":true,"href":"https:\/\/www.abchukuk.com\/index.php\/wp-json\/wp\/v2\/comments?post=23123"}],"version-history":[{"count":0,"href":"https:\/\/www.abchukuk.com\/index.php\/wp-json\/wp\/v2\/posts\/23123\/revisions"}],"wp:featuredmedia":[{"embeddable":true,"href":"https:\/\/www.abchukuk.com\/index.php\/wp-json\/wp\/v2\/media\/23124"}],"wp:attachment":[{"href":"https:\/\/www.abchukuk.com\/index.php\/wp-json\/wp\/v2\/media?parent=23123"}],"wp:term":[{"taxonomy":"category","embeddable":true,"href":"https:\/\/www.abchukuk.com\/index.php\/wp-json\/wp\/v2\/categories?post=23123"},{"taxonomy":"post_tag","embeddable":true,"href":"https:\/\/www.abchukuk.com\/index.php\/wp-json\/wp\/v2\/tags?post=23123"}],"curies":[{"name":"wp","href":"https:\/\/api.w.org\/{rel}","templated":true}]}}