{"id":23119,"date":"2026-03-13T13:28:00","date_gmt":"2026-03-13T13:28:00","guid":{"rendered":"https:\/\/www.abchukuk.com\/index.php\/2026\/03\/13\/kan-donduran-istismar-iddialari-yargiya-tasindi-6-yasindan-12-yasina-kadar-istismar-edildim\/"},"modified":"2026-03-13T13:28:00","modified_gmt":"2026-03-13T13:28:00","slug":"kan-donduran-istismar-iddialari-yargiya-tasindi-6-yasindan-12-yasina-kadar-istismar-edildim","status":"publish","type":"post","link":"https:\/\/www.abchukuk.com\/index.php\/2026\/03\/13\/kan-donduran-istismar-iddialari-yargiya-tasindi-6-yasindan-12-yasina-kadar-istismar-edildim\/","title":{"rendered":"Kan donduran istismar iddialar\u0131 yarg\u0131ya ta\u015f\u0131nd\u0131: &#8216;6 ya\u015f\u0131ndan 12 ya\u015f\u0131na kadar istismar edildim&#8217;"},"content":{"rendered":"<p>Samsun\u2019da ya\u015fayan F.\u00dc.\u2019n\u00fcn a\u011fabeyinin e\u015finin karde\u015fi R.K., taraf\u0131ndan 6 ya\u015f\u0131ndan 12 ya\u015f\u0131na kadar istismar edildi\u011fi \u00f6ne s\u00fcr\u00fcld\u00fc. \u015eikayetin ard\u0131ndan hen\u00fcz R.K.\u2019nin ifadesinin al\u0131nmad\u0131\u011f\u0131 \u00f6\u011frenildi.Samsun\u2019da ya\u015fayan F.\u00dc.\u2019n\u00fcn a\u011fabeyinin e\u015finin karde\u015fi R.K., taraf\u0131ndan 6 ya\u015f\u0131ndan 12 ya\u015f\u0131na kadar istismar edildi\u011fi \u00f6ne s\u00fcr\u00fcld\u00fc. \u015eikayetin ard\u0131ndan hen\u00fcz R.K.\u2019nin ifadesinin al\u0131nmad\u0131\u011f\u0131 \u00f6\u011frenildi.\u00a0<a href=\"https:\/\/www.cumhuriyet.com.tr\/turkiye\/kan-donduran-istismar-iddialari-yargiya-tasindi-6-yasindan-12-yasina-kadar-istismar-edildim-2486542\" target=\"_blank\" class=\"feedzy-rss-link-icon\">Read More<\/a><\/p>","protected":false},"excerpt":{"rendered":"<p>Samsun\u2019da ya\u015fayan F.\u00dc.\u2019n\u00fcn a\u011fabeyinin e\u015finin karde\u015fi R.K., taraf\u0131ndan 6 ya\u015f\u0131ndan 12 ya\u015f\u0131na kadar istismar edildi\u011fi \u00f6ne s\u00fcr\u00fcld\u00fc. \u015eikayetin ard\u0131ndan hen\u00fcz R.K.\u2019nin ifadesinin al\u0131nmad\u0131\u011f\u0131 \u00f6\u011frenildi.Samsun\u2019da ya\u015fayan F.\u00dc.\u2019n\u00fcn a\u011fabeyinin e\u015finin karde\u015fi R.K., taraf\u0131ndan 6 ya\u015f\u0131ndan 12 ya\u015f\u0131na kadar istismar edildi\u011fi \u00f6ne s\u00fcr\u00fcld\u00fc. \u015eikayetin ard\u0131ndan hen\u00fcz R.K.\u2019nin ifadesinin al\u0131nmad\u0131\u011f\u0131 \u00f6\u011frenildi.\u00a0Read More<\/p>\n","protected":false},"author":1,"featured_media":23120,"comment_status":"open","ping_status":"open","sticky":false,"template":"","format":"standard","meta":{"footnotes":"","_links_to":"","_links_to_target":""},"categories":[1],"tags":[],"class_list":["post-23119","post","type-post","status-publish","format-standard","has-post-thumbnail","hentry","category-haberler"],"_links":{"self":[{"href":"https:\/\/www.abchukuk.com\/index.php\/wp-json\/wp\/v2\/posts\/23119","targetHints":{"allow":["GET"]}}],"collection":[{"href":"https:\/\/www.abchukuk.com\/index.php\/wp-json\/wp\/v2\/posts"}],"about":[{"href":"https:\/\/www.abchukuk.com\/index.php\/wp-json\/wp\/v2\/types\/post"}],"author":[{"embeddable":true,"href":"https:\/\/www.abchukuk.com\/index.php\/wp-json\/wp\/v2\/users\/1"}],"replies":[{"embeddable":true,"href":"https:\/\/www.abchukuk.com\/index.php\/wp-json\/wp\/v2\/comments?post=23119"}],"version-history":[{"count":0,"href":"https:\/\/www.abchukuk.com\/index.php\/wp-json\/wp\/v2\/posts\/23119\/revisions"}],"wp:featuredmedia":[{"embeddable":true,"href":"https:\/\/www.abchukuk.com\/index.php\/wp-json\/wp\/v2\/media\/23120"}],"wp:attachment":[{"href":"https:\/\/www.abchukuk.com\/index.php\/wp-json\/wp\/v2\/media?parent=23119"}],"wp:term":[{"taxonomy":"category","embeddable":true,"href":"https:\/\/www.abchukuk.com\/index.php\/wp-json\/wp\/v2\/categories?post=23119"},{"taxonomy":"post_tag","embeddable":true,"href":"https:\/\/www.abchukuk.com\/index.php\/wp-json\/wp\/v2\/tags?post=23119"}],"curies":[{"name":"wp","href":"https:\/\/api.w.org\/{rel}","templated":true}]}}