{"id":23117,"date":"2026-03-13T14:28:25","date_gmt":"2026-03-13T14:28:25","guid":{"rendered":"https:\/\/www.abchukuk.com\/index.php\/2026\/03\/13\/bakan-gurlekten-istanbul-bolge-idare-mahkemesine-ziyaret\/"},"modified":"2026-03-13T14:28:25","modified_gmt":"2026-03-13T14:28:25","slug":"bakan-gurlekten-istanbul-bolge-idare-mahkemesine-ziyaret","status":"publish","type":"post","link":"https:\/\/www.abchukuk.com\/index.php\/2026\/03\/13\/bakan-gurlekten-istanbul-bolge-idare-mahkemesine-ziyaret\/","title":{"rendered":"Bakan G\u00fcrlek\u2019ten \u0130stanbul B\u00f6lge \u0130dare Mahkemesi\u2019ne ziyaret"},"content":{"rendered":"<p class=\"p1\">Adalet Bakan\u0131 Ak\u0131n G\u00fcrlek, \u0130stanbul\u2019da bulunan B\u00f6lge \u0130dare Mahkemesi\u2019ni ziyaret etti. Ziyarette, B\u00f6lge \u0130dare Mahkemesi Daire Ba\u015fkanlar\u0131 ve \u0130dare Mahkemeleri Ba\u015fkanlar\u0131yla bir araya gelen Bakan G\u00fcrlek, kapsaml\u0131 bir de\u011ferlendirme toplant\u0131s\u0131 yapt\u0131.<\/p>\n<p><a href=\"https:\/\/www.son.tv\/wp-content\/uploads\/2026\/03\/IMG_5909.jpeg\"><img fetchpriority=\"high\" decoding=\"async\" class=\"alignnone size-large wp-image-169287\" src=\"https:\/\/www.son.tv\/wp-content\/uploads\/2026\/03\/IMG_5909-1024x683.jpeg\" alt=\"\" width=\"1024\" height=\"683\" \/><\/a><\/p>\n<p class=\"p1\"><span class=\"s1\">\u201c\u00c7ALI\u015eMALARIMIZI KARARLILIKLA S\u00dcRD\u00dcR\u00dcYORUZ\u201d<\/span><\/p>\n<p class=\"p1\"><span class=\"s1\">Ziyarete ili\u015fkin a\u00e7\u0131klamalarda bulunan Bakan G\u00fcrlek, \u201c<\/span><span class=\"s2\">Yarg\u0131n\u0131n etkinli\u011finin art\u0131r\u0131lmas\u0131, adaletin h\u0131zl\u0131, etkin ve sa\u011fl\u0131kl\u0131 bi\u00e7imde tecelli etmesi ve vatanda\u015flar\u0131m\u0131z\u0131n beklentilerinin en iyi \u015fekilde kar\u015f\u0131lanmas\u0131 amac\u0131yla y\u00fcr\u00fct\u00fclen \u00e7al\u0131\u015fmalar\u0131 ele ald\u0131k. \u0130dari yarg\u0131n\u0131n daha g\u00fc\u00e7l\u00fc, daha eri\u015filebilir ve kurumsal kapasitesi daha y\u00fcksek bir yap\u0131ya kavu\u015fmas\u0131 i\u00e7in at\u0131labilecek ad\u0131mlar\u0131 isti\u015fare ettik. Adalet hizmetlerinin kalitesini s\u00fcrekli y\u00fckselten, kurumsal kapasitesi ve etkinli\u011fi her ge\u00e7en g\u00fcn geli\u015fen bir yarg\u0131 sistemi hedefi do\u011frultusunda \u00e7al\u0131\u015fmalar\u0131m\u0131z\u0131 kararl\u0131l\u0131kla s\u00fcrd\u00fcr\u00fcyoruz\u201d dedi.<\/span><\/p>\n<p><a href=\"https:\/\/www.son.tv\/wp-content\/uploads\/2026\/03\/IMG_5911.jpeg\"><img decoding=\"async\" class=\"alignnone size-large wp-image-169289\" src=\"https:\/\/www.son.tv\/wp-content\/uploads\/2026\/03\/IMG_5911-1024x683.jpeg\" alt=\"\" width=\"1024\" height=\"683\" \/><\/a> <a href=\"https:\/\/www.son.tv\/wp-content\/uploads\/2026\/03\/IMG_5912.jpeg\"><img decoding=\"async\" class=\"alignnone size-large wp-image-169290\" src=\"https:\/\/www.son.tv\/wp-content\/uploads\/2026\/03\/IMG_5912-1024x683.jpeg\" alt=\"\" width=\"1024\" height=\"683\" \/><\/a><\/p>\n<p>Adalet Bakan\u0131 Ak\u0131n G\u00fcrlek, \u0130stanbul B\u00f6lge \u0130dare Mahkemesi\u2019ni ziyaret ederek Daire Ba\u015fkanlar\u0131 ve \u0130dare Mahkemeleri Ba\u015fkanlar\u0131yla kapsaml\u0131 bir toplant\u0131 yapt\u0131. Toplant\u0131da, yarg\u0131n\u0131n etkinli\u011finin art\u0131r\u0131lmas\u0131, adaletin h\u0131zl\u0131 ve sa\u011fl\u0131kl\u0131 \u015fekilde tecelli etmesi ile vatanda\u015flar\u0131n beklentilerinin kar\u015f\u0131lanmas\u0131 i\u00e7in y\u00fcr\u00fct\u00fclen \u00e7al\u0131\u015fmalar ele al\u0131nd\u0131.\u00a0<a href=\"https:\/\/www.son.tv\/bakan-gurlekten-istanbul-bolge-idare-mahkemesine-ziyaret\/\" target=\"_blank\" class=\"feedzy-rss-link-icon\">Read More<\/a><\/p>","protected":false},"excerpt":{"rendered":"<p>Adalet Bakan\u0131 Ak\u0131n G\u00fcrlek, \u0130stanbul\u2019da bulunan B\u00f6lge \u0130dare Mahkemesi\u2019ni ziyaret etti. Ziyarette, B\u00f6lge \u0130dare Mahkemesi Daire Ba\u015fkanlar\u0131 ve \u0130dare Mahkemeleri Ba\u015fkanlar\u0131yla bir araya gelen Bakan G\u00fcrlek, kapsaml\u0131 bir de\u011ferlendirme toplant\u0131s\u0131 yapt\u0131. \u201c\u00c7ALI\u015eMALARIMIZI KARARLILIKLA S\u00dcRD\u00dcR\u00dcYORUZ\u201d Ziyarete ili\u015fkin a\u00e7\u0131klamalarda bulunan Bakan G\u00fcrlek, \u201cYarg\u0131n\u0131n etkinli\u011finin art\u0131r\u0131lmas\u0131, adaletin h\u0131zl\u0131, etkin ve sa\u011fl\u0131kl\u0131 bi\u00e7imde tecelli etmesi ve vatanda\u015flar\u0131m\u0131z\u0131n beklentilerinin en [&hellip;]<\/p>\n","protected":false},"author":1,"featured_media":23118,"comment_status":"open","ping_status":"open","sticky":false,"template":"","format":"standard","meta":{"footnotes":"","_links_to":"","_links_to_target":""},"categories":[1],"tags":[],"class_list":["post-23117","post","type-post","status-publish","format-standard","has-post-thumbnail","hentry","category-haberler"],"_links":{"self":[{"href":"https:\/\/www.abchukuk.com\/index.php\/wp-json\/wp\/v2\/posts\/23117","targetHints":{"allow":["GET"]}}],"collection":[{"href":"https:\/\/www.abchukuk.com\/index.php\/wp-json\/wp\/v2\/posts"}],"about":[{"href":"https:\/\/www.abchukuk.com\/index.php\/wp-json\/wp\/v2\/types\/post"}],"author":[{"embeddable":true,"href":"https:\/\/www.abchukuk.com\/index.php\/wp-json\/wp\/v2\/users\/1"}],"replies":[{"embeddable":true,"href":"https:\/\/www.abchukuk.com\/index.php\/wp-json\/wp\/v2\/comments?post=23117"}],"version-history":[{"count":0,"href":"https:\/\/www.abchukuk.com\/index.php\/wp-json\/wp\/v2\/posts\/23117\/revisions"}],"wp:featuredmedia":[{"embeddable":true,"href":"https:\/\/www.abchukuk.com\/index.php\/wp-json\/wp\/v2\/media\/23118"}],"wp:attachment":[{"href":"https:\/\/www.abchukuk.com\/index.php\/wp-json\/wp\/v2\/media?parent=23117"}],"wp:term":[{"taxonomy":"category","embeddable":true,"href":"https:\/\/www.abchukuk.com\/index.php\/wp-json\/wp\/v2\/categories?post=23117"},{"taxonomy":"post_tag","embeddable":true,"href":"https:\/\/www.abchukuk.com\/index.php\/wp-json\/wp\/v2\/tags?post=23117"}],"curies":[{"name":"wp","href":"https:\/\/api.w.org\/{rel}","templated":true}]}}