{"id":23108,"date":"2026-03-13T10:18:00","date_gmt":"2026-03-13T10:18:00","guid":{"rendered":"https:\/\/www.abchukuk.com\/index.php\/2026\/03\/13\/murat-ovucun-yargilandigi-davada-tutukluluk-halinin-devamina-hukmedildi\/"},"modified":"2026-03-13T10:18:00","modified_gmt":"2026-03-13T10:18:00","slug":"murat-ovucun-yargilandigi-davada-tutukluluk-halinin-devamina-hukmedildi","status":"publish","type":"post","link":"https:\/\/www.abchukuk.com\/index.php\/2026\/03\/13\/murat-ovucun-yargilandigi-davada-tutukluluk-halinin-devamina-hukmedildi\/","title":{"rendered":"Murat \u00d6v\u00fc\u00e7&#8217;\u00fcn yarg\u0131land\u0131\u011f\u0131 davada tutukluluk halinin devam\u0131na h\u00fckmedildi"},"content":{"rendered":"<p>Sosyal medya fenomeni Murat \u00d6v\u00fc\u00e7&#8217;\u00fcn &#8220;halk\u0131 kin ve d\u00fc\u015fmanl\u0131\u011fa alenen tahrik etme&#8221; iddias\u0131yla 1 y\u0131ldan 3 y\u0131la kadar hapis cezas\u0131 istemiyle yarg\u0131land\u0131\u011f\u0131 davada, san\u0131\u011f\u0131n tutukluluk halinin devam\u0131na karar verildi.Sosyal medya fenomeni Murat \u00d6v\u00fc\u00e7&#8217;\u00fcn &#8220;halk\u0131 kin ve d\u00fc\u015fmanl\u0131\u011fa alenen tahrik etme&#8221; iddias\u0131yla 1 y\u0131ldan 3 y\u0131la kadar hapis cezas\u0131 istemiyle yarg\u0131land\u0131\u011f\u0131 davada, san\u0131\u011f\u0131n tutukluluk halinin devam\u0131na karar verildi.\u00a0<a href=\"https:\/\/www.cumhuriyet.com.tr\/turkiye\/murat-ovuc-un-yargilandigi-davada-tutukluluk-halinin-devamina-hukmedildi-2486495\" target=\"_blank\" class=\"feedzy-rss-link-icon\">Read More<\/a><\/p>","protected":false},"excerpt":{"rendered":"<p>Sosyal medya fenomeni Murat \u00d6v\u00fc\u00e7&#8217;\u00fcn &#8220;halk\u0131 kin ve d\u00fc\u015fmanl\u0131\u011fa alenen tahrik etme&#8221; iddias\u0131yla 1 y\u0131ldan 3 y\u0131la kadar hapis cezas\u0131 istemiyle yarg\u0131land\u0131\u011f\u0131 davada, san\u0131\u011f\u0131n tutukluluk halinin devam\u0131na karar verildi.Sosyal medya fenomeni Murat \u00d6v\u00fc\u00e7&#8217;\u00fcn &#8220;halk\u0131 kin ve d\u00fc\u015fmanl\u0131\u011fa alenen tahrik etme&#8221; iddias\u0131yla 1 y\u0131ldan 3 y\u0131la kadar hapis cezas\u0131 istemiyle yarg\u0131land\u0131\u011f\u0131 davada, san\u0131\u011f\u0131n tutukluluk halinin devam\u0131na [&hellip;]<\/p>\n","protected":false},"author":1,"featured_media":23109,"comment_status":"open","ping_status":"open","sticky":false,"template":"","format":"standard","meta":{"footnotes":"","_links_to":"","_links_to_target":""},"categories":[1],"tags":[],"class_list":["post-23108","post","type-post","status-publish","format-standard","has-post-thumbnail","hentry","category-haberler"],"_links":{"self":[{"href":"https:\/\/www.abchukuk.com\/index.php\/wp-json\/wp\/v2\/posts\/23108","targetHints":{"allow":["GET"]}}],"collection":[{"href":"https:\/\/www.abchukuk.com\/index.php\/wp-json\/wp\/v2\/posts"}],"about":[{"href":"https:\/\/www.abchukuk.com\/index.php\/wp-json\/wp\/v2\/types\/post"}],"author":[{"embeddable":true,"href":"https:\/\/www.abchukuk.com\/index.php\/wp-json\/wp\/v2\/users\/1"}],"replies":[{"embeddable":true,"href":"https:\/\/www.abchukuk.com\/index.php\/wp-json\/wp\/v2\/comments?post=23108"}],"version-history":[{"count":0,"href":"https:\/\/www.abchukuk.com\/index.php\/wp-json\/wp\/v2\/posts\/23108\/revisions"}],"wp:featuredmedia":[{"embeddable":true,"href":"https:\/\/www.abchukuk.com\/index.php\/wp-json\/wp\/v2\/media\/23109"}],"wp:attachment":[{"href":"https:\/\/www.abchukuk.com\/index.php\/wp-json\/wp\/v2\/media?parent=23108"}],"wp:term":[{"taxonomy":"category","embeddable":true,"href":"https:\/\/www.abchukuk.com\/index.php\/wp-json\/wp\/v2\/categories?post=23108"},{"taxonomy":"post_tag","embeddable":true,"href":"https:\/\/www.abchukuk.com\/index.php\/wp-json\/wp\/v2\/tags?post=23108"}],"curies":[{"name":"wp","href":"https:\/\/api.w.org\/{rel}","templated":true}]}}