{"id":23099,"date":"2026-03-13T11:11:16","date_gmt":"2026-03-13T11:11:16","guid":{"rendered":"https:\/\/www.abchukuk.com\/index.php\/2026\/03\/13\/cem-uzanin-68-milyar-dolarlik-tazminat-davasi-sonuclandi\/"},"modified":"2026-03-13T11:11:16","modified_gmt":"2026-03-13T11:11:16","slug":"cem-uzanin-68-milyar-dolarlik-tazminat-davasi-sonuclandi","status":"publish","type":"post","link":"https:\/\/www.abchukuk.com\/index.php\/2026\/03\/13\/cem-uzanin-68-milyar-dolarlik-tazminat-davasi-sonuclandi\/","title":{"rendered":"Cem Uzan&#8217;\u0131n 68 milyar dolarl\u0131k tazminat davas\u0131 sonu\u00e7land\u0131"},"content":{"rendered":"<p>T\u00fcrkiye&#8217;deki varl\u0131klar\u0131na el konulmas\u0131n\u0131 &#8220;hukuk d\u0131\u015f\u0131&#8221; olarak nitelendiren Cem Uzan, Paris&#8217;teki 68 milyar dolarl\u0131k tazminat davas\u0131n\u0131 kaybetti. Karar \u00fczerine Tasarruf Mevduat\u0131 Sigorta Fonu taraf\u0131ndan Uzan&#8217;\u0131n Paris&#8217;teki konutunda bulunan \u00f6zel kasas\u0131na el konulurken, ayr\u0131ca Frans\u0131z bankalar\u0131ndaki t\u00fcm hesaplar\u0131na da ihtiyati tedbir konuldu.T\u00fcrkiye&#8217;deki varl\u0131klar\u0131na el konulmas\u0131n\u0131 &#8220;hukuk d\u0131\u015f\u0131&#8221; olarak nitelendiren Cem Uzan, Paris&#8217;teki 68 milyar dolarl\u0131k tazminat davas\u0131n\u0131 kaybetti. Karar \u00fczerine Tasarruf Mevduat\u0131 Sigorta Fonu taraf\u0131ndan Uzan&#8217;\u0131n Paris&#8217;teki konutunda bulunan \u00f6zel kasas\u0131na el konulurken, ayr\u0131ca Frans\u0131z bankalar\u0131ndaki t\u00fcm hesaplar\u0131na da ihtiyati tedbir konuldu.\u00a0<a href=\"https:\/\/anlatilaninotesi.com.tr\/20260313\/cem-uzanin-68-milyar-dolarlik-tazminat-davasi-sonuclandi-1104234233.html\" target=\"_blank\" class=\"feedzy-rss-link-icon\">Read More<\/a><\/p>","protected":false},"excerpt":{"rendered":"<p>T\u00fcrkiye&#8217;deki varl\u0131klar\u0131na el konulmas\u0131n\u0131 &#8220;hukuk d\u0131\u015f\u0131&#8221; olarak nitelendiren Cem Uzan, Paris&#8217;teki 68 milyar dolarl\u0131k tazminat davas\u0131n\u0131 kaybetti. Karar \u00fczerine Tasarruf Mevduat\u0131 Sigorta Fonu taraf\u0131ndan Uzan&#8217;\u0131n Paris&#8217;teki konutunda bulunan \u00f6zel kasas\u0131na el konulurken, ayr\u0131ca Frans\u0131z bankalar\u0131ndaki t\u00fcm hesaplar\u0131na da ihtiyati tedbir konuldu.T\u00fcrkiye&#8217;deki varl\u0131klar\u0131na el konulmas\u0131n\u0131 &#8220;hukuk d\u0131\u015f\u0131&#8221; olarak nitelendiren Cem Uzan, Paris&#8217;teki 68 milyar dolarl\u0131k tazminat [&hellip;]<\/p>\n","protected":false},"author":1,"featured_media":0,"comment_status":"open","ping_status":"open","sticky":false,"template":"","format":"standard","meta":{"footnotes":"","_links_to":"","_links_to_target":""},"categories":[1],"tags":[],"class_list":["post-23099","post","type-post","status-publish","format-standard","hentry","category-haberler"],"_links":{"self":[{"href":"https:\/\/www.abchukuk.com\/index.php\/wp-json\/wp\/v2\/posts\/23099","targetHints":{"allow":["GET"]}}],"collection":[{"href":"https:\/\/www.abchukuk.com\/index.php\/wp-json\/wp\/v2\/posts"}],"about":[{"href":"https:\/\/www.abchukuk.com\/index.php\/wp-json\/wp\/v2\/types\/post"}],"author":[{"embeddable":true,"href":"https:\/\/www.abchukuk.com\/index.php\/wp-json\/wp\/v2\/users\/1"}],"replies":[{"embeddable":true,"href":"https:\/\/www.abchukuk.com\/index.php\/wp-json\/wp\/v2\/comments?post=23099"}],"version-history":[{"count":0,"href":"https:\/\/www.abchukuk.com\/index.php\/wp-json\/wp\/v2\/posts\/23099\/revisions"}],"wp:attachment":[{"href":"https:\/\/www.abchukuk.com\/index.php\/wp-json\/wp\/v2\/media?parent=23099"}],"wp:term":[{"taxonomy":"category","embeddable":true,"href":"https:\/\/www.abchukuk.com\/index.php\/wp-json\/wp\/v2\/categories?post=23099"},{"taxonomy":"post_tag","embeddable":true,"href":"https:\/\/www.abchukuk.com\/index.php\/wp-json\/wp\/v2\/tags?post=23099"}],"curies":[{"name":"wp","href":"https:\/\/api.w.org\/{rel}","templated":true}]}}