{"id":23095,"date":"2026-03-13T07:14:52","date_gmt":"2026-03-13T07:14:52","guid":{"rendered":"https:\/\/www.abchukuk.com\/index.php\/2026\/03\/13\/kusadasi-belediye-baskani-omer-gunel-gozaltina-alindi-3\/"},"modified":"2026-03-13T07:14:52","modified_gmt":"2026-03-13T07:14:52","slug":"kusadasi-belediye-baskani-omer-gunel-gozaltina-alindi-3","status":"publish","type":"post","link":"https:\/\/www.abchukuk.com\/index.php\/2026\/03\/13\/kusadasi-belediye-baskani-omer-gunel-gozaltina-alindi-3\/","title":{"rendered":"Ku\u015fadas\u0131 Belediye Ba\u015fkan\u0131 \u00d6mer G\u00fcnel g\u00f6zalt\u0131na al\u0131nd\u0131"},"content":{"rendered":"<p>\u0130stanbul Cumhuriyet Ba\u015fsavc\u0131l\u0131\u011f\u0131, CHP&#8217;li Ku\u015fadas\u0131 Belediye Ba\u015fkan\u0131 \u00d6mer G\u00fcnel&#8217;in de aras\u0131nda oldu\u011fu 6 \u015f\u00fcphelinin &#8220;R\u00fc\u015fvet&#8221; ve &#8220;\u0130rtikap&#8221; su\u00e7lar\u0131ndan g\u00f6zalt\u0131na al\u0131nd\u0131\u011f\u0131n\u0131 a\u00e7\u0131klad\u0131. CHP&#8217;li yetkililer g\u00f6zalt\u0131 karar\u0131n\u0131 &#8220;T\u00fcrkiye&#8217;de art\u0131k iki ayr\u0131 hukuk uygulan\u0131yor&#8221; diyerek ele\u015ftirdi.\u0130stanbul Cumhuriyet Ba\u015fsavc\u0131l\u0131\u011f\u0131, CHP&#8217;li Ku\u015fadas\u0131 Belediye Ba\u015fkan\u0131 \u00d6mer G\u00fcnel&#8217;in de aras\u0131nda oldu\u011fu 6 \u015f\u00fcphelinin &#8220;R\u00fc\u015fvet&#8221; ve &#8220;\u0130rtikap&#8221; su\u00e7lar\u0131ndan g\u00f6zalt\u0131na al\u0131nd\u0131\u011f\u0131n\u0131 a\u00e7\u0131klad\u0131. CHP&#8217;li yetkililer g\u00f6zalt\u0131 karar\u0131n\u0131 &#8220;T\u00fcrkiye&#8217;de art\u0131k iki ayr\u0131 hukuk uygulan\u0131yor&#8221; diyerek ele\u015ftirdi.\u00a0<a href=\"https:\/\/www.bbc.com\/turkce\/articles\/c1jk4n2993po?at_medium=RSS&amp;at_campaign=rss\" target=\"_blank\" class=\"feedzy-rss-link-icon\">Read More<\/a><\/p>","protected":false},"excerpt":{"rendered":"<p>\u0130stanbul Cumhuriyet Ba\u015fsavc\u0131l\u0131\u011f\u0131, CHP&#8217;li Ku\u015fadas\u0131 Belediye Ba\u015fkan\u0131 \u00d6mer G\u00fcnel&#8217;in de aras\u0131nda oldu\u011fu 6 \u015f\u00fcphelinin &#8220;R\u00fc\u015fvet&#8221; ve &#8220;\u0130rtikap&#8221; su\u00e7lar\u0131ndan g\u00f6zalt\u0131na al\u0131nd\u0131\u011f\u0131n\u0131 a\u00e7\u0131klad\u0131. CHP&#8217;li yetkililer g\u00f6zalt\u0131 karar\u0131n\u0131 &#8220;T\u00fcrkiye&#8217;de art\u0131k iki ayr\u0131 hukuk uygulan\u0131yor&#8221; diyerek ele\u015ftirdi.\u0130stanbul Cumhuriyet Ba\u015fsavc\u0131l\u0131\u011f\u0131, CHP&#8217;li Ku\u015fadas\u0131 Belediye Ba\u015fkan\u0131 \u00d6mer G\u00fcnel&#8217;in de aras\u0131nda oldu\u011fu 6 \u015f\u00fcphelinin &#8220;R\u00fc\u015fvet&#8221; ve &#8220;\u0130rtikap&#8221; su\u00e7lar\u0131ndan g\u00f6zalt\u0131na al\u0131nd\u0131\u011f\u0131n\u0131 a\u00e7\u0131klad\u0131. CHP&#8217;li yetkililer [&hellip;]<\/p>\n","protected":false},"author":1,"featured_media":23045,"comment_status":"open","ping_status":"open","sticky":false,"template":"","format":"standard","meta":{"footnotes":"","_links_to":"","_links_to_target":""},"categories":[1],"tags":[],"class_list":["post-23095","post","type-post","status-publish","format-standard","has-post-thumbnail","hentry","category-haberler"],"_links":{"self":[{"href":"https:\/\/www.abchukuk.com\/index.php\/wp-json\/wp\/v2\/posts\/23095","targetHints":{"allow":["GET"]}}],"collection":[{"href":"https:\/\/www.abchukuk.com\/index.php\/wp-json\/wp\/v2\/posts"}],"about":[{"href":"https:\/\/www.abchukuk.com\/index.php\/wp-json\/wp\/v2\/types\/post"}],"author":[{"embeddable":true,"href":"https:\/\/www.abchukuk.com\/index.php\/wp-json\/wp\/v2\/users\/1"}],"replies":[{"embeddable":true,"href":"https:\/\/www.abchukuk.com\/index.php\/wp-json\/wp\/v2\/comments?post=23095"}],"version-history":[{"count":0,"href":"https:\/\/www.abchukuk.com\/index.php\/wp-json\/wp\/v2\/posts\/23095\/revisions"}],"wp:featuredmedia":[{"embeddable":true,"href":"https:\/\/www.abchukuk.com\/index.php\/wp-json\/wp\/v2\/media\/23045"}],"wp:attachment":[{"href":"https:\/\/www.abchukuk.com\/index.php\/wp-json\/wp\/v2\/media?parent=23095"}],"wp:term":[{"taxonomy":"category","embeddable":true,"href":"https:\/\/www.abchukuk.com\/index.php\/wp-json\/wp\/v2\/categories?post=23095"},{"taxonomy":"post_tag","embeddable":true,"href":"https:\/\/www.abchukuk.com\/index.php\/wp-json\/wp\/v2\/tags?post=23095"}],"curies":[{"name":"wp","href":"https:\/\/api.w.org\/{rel}","templated":true}]}}