{"id":23092,"date":"2026-03-13T08:58:00","date_gmt":"2026-03-13T08:58:00","guid":{"rendered":"https:\/\/www.abchukuk.com\/index.php\/2026\/03\/13\/cem-uzan-paristeki-68-milyar-dolarlik-tazminat-davasini-kaybetti\/"},"modified":"2026-03-13T08:58:00","modified_gmt":"2026-03-13T08:58:00","slug":"cem-uzan-paristeki-68-milyar-dolarlik-tazminat-davasini-kaybetti","status":"publish","type":"post","link":"https:\/\/www.abchukuk.com\/index.php\/2026\/03\/13\/cem-uzan-paristeki-68-milyar-dolarlik-tazminat-davasini-kaybetti\/","title":{"rendered":"Cem Uzan, Paris\u2019teki 68 milyar dolarl\u0131k tazminat davas\u0131n\u0131 kaybetti"},"content":{"rendered":"<p>Cem Uzan ve ailesinin, T\u00fcrkiye\u2019deki \u015firket ve gayrimenkullerine \u201chukuksuz el konuldu\u011fu\u201d iddias\u0131yla Fransa\u2019da a\u00e7t\u0131\u011f\u0131 yakla\u015f\u0131k 68 milyar dolarl\u0131k tazminat davas\u0131 reddedildi. Paris mahkemesi davay\u0131 yetkisizlik gerek\u00e7esiyle d\u00fc\u015f\u00fcr\u00fcrken, Uzan taraf\u0131n\u0131n daval\u0131lara toplam 100 bin euro \u00f6deme yapmas\u0131na h\u00fckmetti.Cem Uzan ve ailesinin, T\u00fcrkiye\u2019deki \u015firket ve gayrimenkullerine \u201chukuksuz el konuldu\u011fu\u201d iddias\u0131yla Fransa\u2019da a\u00e7t\u0131\u011f\u0131 yakla\u015f\u0131k 68 milyar dolarl\u0131k tazminat davas\u0131 reddedildi. Paris mahkemesi davay\u0131 yetkisizlik gerek\u00e7esiyle d\u00fc\u015f\u00fcr\u00fcrken, Uzan taraf\u0131n\u0131n daval\u0131lara toplam 100 bin euro \u00f6deme yapmas\u0131na h\u00fckmetti.\u00a0<a href=\"https:\/\/www.dunya.com\/dunya\/cem-uzan-paristeki-68-milyar-dolarlik-tazminat-davasini-kaybetti-haberi-818133\" target=\"_blank\" class=\"feedzy-rss-link-icon\">Read More<\/a><\/p>","protected":false},"excerpt":{"rendered":"<p>Cem Uzan ve ailesinin, T\u00fcrkiye\u2019deki \u015firket ve gayrimenkullerine \u201chukuksuz el konuldu\u011fu\u201d iddias\u0131yla Fransa\u2019da a\u00e7t\u0131\u011f\u0131 yakla\u015f\u0131k 68 milyar dolarl\u0131k tazminat davas\u0131 reddedildi. Paris mahkemesi davay\u0131 yetkisizlik gerek\u00e7esiyle d\u00fc\u015f\u00fcr\u00fcrken, Uzan taraf\u0131n\u0131n daval\u0131lara toplam 100 bin euro \u00f6deme yapmas\u0131na h\u00fckmetti.Cem Uzan ve ailesinin, T\u00fcrkiye\u2019deki \u015firket ve gayrimenkullerine \u201chukuksuz el konuldu\u011fu\u201d iddias\u0131yla Fransa\u2019da a\u00e7t\u0131\u011f\u0131 yakla\u015f\u0131k 68 milyar dolarl\u0131k tazminat [&hellip;]<\/p>\n","protected":false},"author":1,"featured_media":23093,"comment_status":"open","ping_status":"open","sticky":false,"template":"","format":"standard","meta":{"footnotes":"","_links_to":"","_links_to_target":""},"categories":[1],"tags":[],"class_list":["post-23092","post","type-post","status-publish","format-standard","has-post-thumbnail","hentry","category-haberler"],"_links":{"self":[{"href":"https:\/\/www.abchukuk.com\/index.php\/wp-json\/wp\/v2\/posts\/23092","targetHints":{"allow":["GET"]}}],"collection":[{"href":"https:\/\/www.abchukuk.com\/index.php\/wp-json\/wp\/v2\/posts"}],"about":[{"href":"https:\/\/www.abchukuk.com\/index.php\/wp-json\/wp\/v2\/types\/post"}],"author":[{"embeddable":true,"href":"https:\/\/www.abchukuk.com\/index.php\/wp-json\/wp\/v2\/users\/1"}],"replies":[{"embeddable":true,"href":"https:\/\/www.abchukuk.com\/index.php\/wp-json\/wp\/v2\/comments?post=23092"}],"version-history":[{"count":0,"href":"https:\/\/www.abchukuk.com\/index.php\/wp-json\/wp\/v2\/posts\/23092\/revisions"}],"wp:featuredmedia":[{"embeddable":true,"href":"https:\/\/www.abchukuk.com\/index.php\/wp-json\/wp\/v2\/media\/23093"}],"wp:attachment":[{"href":"https:\/\/www.abchukuk.com\/index.php\/wp-json\/wp\/v2\/media?parent=23092"}],"wp:term":[{"taxonomy":"category","embeddable":true,"href":"https:\/\/www.abchukuk.com\/index.php\/wp-json\/wp\/v2\/categories?post=23092"},{"taxonomy":"post_tag","embeddable":true,"href":"https:\/\/www.abchukuk.com\/index.php\/wp-json\/wp\/v2\/tags?post=23092"}],"curies":[{"name":"wp","href":"https:\/\/api.w.org\/{rel}","templated":true}]}}