{"id":23091,"date":"2026-03-13T09:19:13","date_gmt":"2026-03-13T09:19:13","guid":{"rendered":"https:\/\/www.abchukuk.com\/index.php\/2026\/03\/13\/bakan-gurlek-yeni-yargitay-uyelerine-basarilar-diledi\/"},"modified":"2026-03-13T09:19:13","modified_gmt":"2026-03-13T09:19:13","slug":"bakan-gurlek-yeni-yargitay-uyelerine-basarilar-diledi","status":"publish","type":"post","link":"https:\/\/www.abchukuk.com\/index.php\/2026\/03\/13\/bakan-gurlek-yeni-yargitay-uyelerine-basarilar-diledi\/","title":{"rendered":"Bakan G\u00fcrlek yeni Yarg\u0131tay \u00fcyelerine ba\u015far\u0131lar diledi"},"content":{"rendered":"<p>Yarg\u0131tay\u2019da 16 ismin emekliye ayr\u0131lmas\u0131n\u0131n ard\u0131ndan HSK Genel Kurulunda \u00e7\u0131kan karar do\u011frultusunda 8 yeni isim Yarg\u0131tay \u00fcyeli\u011fine se\u00e7ildi.<\/p>\n<p>BAKAN G\u00dcRLEK BA\u015eARILAR D\u0130LED\u0130<\/p>\n<p>Bakan G\u00fcrlek, Yarg\u0131ty \u00fcyeli\u011fine se\u00e7ilen, Kayseri BAM Ba\u015fsavc\u0131s\u0131 Tolgahan \u00d6ztoprak, Yarg\u0131tay Savc\u0131s\u0131 H\u00fcseyin K\u00fcr\u015fad Serbes, Yarg\u0131tay Tetkik H\u00e2kimi \u0130brahim Acarl\u0131, Adalet Bakanl\u0131\u011f\u0131 eski Bakan Yard\u0131mc\u0131s\u0131 Niyazi Acar, \u0130stanbul Anadolu Adliyesi Komisyon Ba\u015fkan\u0131 Ahmet Kaya, T\u00fcrkiye Adalet Akademisi Ba\u015fkan\u0131 Bekir Altun, B\u00fcy\u00fck\u00e7ekmece H\u00e2kimi \u00c7imen Atacan Tuna, ve Adalet Bakanl\u0131\u011f\u0131 Y\u00fcksek M\u00fc\u015faviri Musa Kan\u0131c\u0131\u2019ya ba\u015far\u0131lar dileklerini iletti. G\u00fcrlek, \u201cAdaletin tecellisi i\u00e7in b\u00fcy\u00fck bir \u00f6zveriyle g\u00f6rev yapacaklar\u0131na inand\u0131\u011f\u0131m Yarg\u0131tay \u00dcyelerimize g\u00f6revlerinde ba\u015far\u0131lar diliyorum. Se\u00e7imlerin yarg\u0131 camiam\u0131z, \u00fclkemiz ve milletimiz i\u00e7in hay\u0131rl\u0131 olmas\u0131n\u0131 temenni ediyorum\u201d dedi.<\/p>\n<p>Adalet Bakan\u0131 Ak\u0131n G\u00fcrlek, H\u00e2kimler ve Savc\u0131lar Kurulu (HSK) Genel Kurulu toplant\u0131s\u0131 sonucu Yarg\u0131tay \u00fcyeli\u011fine se\u00e7ilen 8 yeni isme ba\u015far\u0131lar diledi.\u00a0<a href=\"https:\/\/www.son.tv\/bakan-gurlek-yeni-yargitay-uyelerine-basarilar-diledi\/\" target=\"_blank\" class=\"feedzy-rss-link-icon\">Read More<\/a><\/p>","protected":false},"excerpt":{"rendered":"<p>Yarg\u0131tay\u2019da 16 ismin emekliye ayr\u0131lmas\u0131n\u0131n ard\u0131ndan HSK Genel Kurulunda \u00e7\u0131kan karar do\u011frultusunda 8 yeni isim Yarg\u0131tay \u00fcyeli\u011fine se\u00e7ildi. BAKAN G\u00dcRLEK BA\u015eARILAR D\u0130LED\u0130 Bakan G\u00fcrlek, Yarg\u0131ty \u00fcyeli\u011fine se\u00e7ilen, Kayseri BAM Ba\u015fsavc\u0131s\u0131 Tolgahan \u00d6ztoprak, Yarg\u0131tay Savc\u0131s\u0131 H\u00fcseyin K\u00fcr\u015fad Serbes, Yarg\u0131tay Tetkik H\u00e2kimi \u0130brahim Acarl\u0131, Adalet Bakanl\u0131\u011f\u0131 eski Bakan Yard\u0131mc\u0131s\u0131 Niyazi Acar, \u0130stanbul Anadolu Adliyesi Komisyon Ba\u015fkan\u0131 Ahmet [&hellip;]<\/p>\n","protected":false},"author":1,"featured_media":0,"comment_status":"open","ping_status":"open","sticky":false,"template":"","format":"standard","meta":{"footnotes":"","_links_to":"","_links_to_target":""},"categories":[1],"tags":[],"class_list":["post-23091","post","type-post","status-publish","format-standard","hentry","category-haberler"],"_links":{"self":[{"href":"https:\/\/www.abchukuk.com\/index.php\/wp-json\/wp\/v2\/posts\/23091","targetHints":{"allow":["GET"]}}],"collection":[{"href":"https:\/\/www.abchukuk.com\/index.php\/wp-json\/wp\/v2\/posts"}],"about":[{"href":"https:\/\/www.abchukuk.com\/index.php\/wp-json\/wp\/v2\/types\/post"}],"author":[{"embeddable":true,"href":"https:\/\/www.abchukuk.com\/index.php\/wp-json\/wp\/v2\/users\/1"}],"replies":[{"embeddable":true,"href":"https:\/\/www.abchukuk.com\/index.php\/wp-json\/wp\/v2\/comments?post=23091"}],"version-history":[{"count":0,"href":"https:\/\/www.abchukuk.com\/index.php\/wp-json\/wp\/v2\/posts\/23091\/revisions"}],"wp:attachment":[{"href":"https:\/\/www.abchukuk.com\/index.php\/wp-json\/wp\/v2\/media?parent=23091"}],"wp:term":[{"taxonomy":"category","embeddable":true,"href":"https:\/\/www.abchukuk.com\/index.php\/wp-json\/wp\/v2\/categories?post=23091"},{"taxonomy":"post_tag","embeddable":true,"href":"https:\/\/www.abchukuk.com\/index.php\/wp-json\/wp\/v2\/tags?post=23091"}],"curies":[{"name":"wp","href":"https:\/\/api.w.org\/{rel}","templated":true}]}}