{"id":23087,"date":"2026-03-13T09:22:00","date_gmt":"2026-03-13T09:22:00","guid":{"rendered":"https:\/\/www.abchukuk.com\/index.php\/2026\/03\/13\/akin-gurlek-duyurdu-hsk-yargitay-icin-8-yeni-uye-secti\/"},"modified":"2026-03-13T09:22:00","modified_gmt":"2026-03-13T09:22:00","slug":"akin-gurlek-duyurdu-hsk-yargitay-icin-8-yeni-uye-secti","status":"publish","type":"post","link":"https:\/\/www.abchukuk.com\/index.php\/2026\/03\/13\/akin-gurlek-duyurdu-hsk-yargitay-icin-8-yeni-uye-secti\/","title":{"rendered":"Ak\u0131n G\u00fcrlek Duyurdu! HSK, Yarg\u0131tay \u0130\u00e7in 8 Yeni \u00dcye Se\u00e7ti"},"content":{"rendered":"<p><a href=\"https:\/\/www.gercekgundem.com\/guncel\/akin-gurlek-duyurdu-hsk-yargitay-icin-8-yeni-uye-secti-568029\"><br \/>\n                                                            <img decoding=\"async\" src=\"https:\/\/i.gercekgundem.com\/2\/150\/84\/storage\/files\/images\/2026\/03\/13\/akin-gurlek-duyurdu-hsk-yargitay-icin-8-yeni-uye-secti-omcv.jpg\" width=\"150\" height=\"84\" border=\"0\" align=\"right\" \/><br \/>\n                                                    <\/a><\/p>\n<h4>Yarg\u0131tay\u2019da g\u00f6rev s\u00fcreleri dolan veya ya\u015f haddinden emekliye ayr\u0131lan 16 \u00fcyenin ard\u0131ndan H\u00e2kimler ve Savc\u0131lar Kurulu (HSK) Genel Kurulu, 8 yeni \u00fcye se\u00e7imi ger\u00e7ekle\u015ftirdi.<\/h4>\n<p>Yarg\u0131tay\u2019da g\u00f6rev s\u00fcreleri dolan veya ya\u015f haddinden emekliye ayr\u0131lan 16 \u00fcyenin ard\u0131ndan H\u00e2kimler ve Savc\u0131lar Kurulu (HSK) Genel Kurulu, 8 yeni \u00fcye se\u00e7imi ger\u00e7ekle\u015ftirdi.\u00a0<a href=\"https:\/\/www.gercekgundem.com\/guncel\/akin-gurlek-duyurdu-hsk-yargitay-icin-8-yeni-uye-secti-568029\" target=\"_blank\" class=\"feedzy-rss-link-icon\">Read More<\/a><\/p>","protected":false},"excerpt":{"rendered":"<p>Yarg\u0131tay\u2019da g\u00f6rev s\u00fcreleri dolan veya ya\u015f haddinden emekliye ayr\u0131lan 16 \u00fcyenin ard\u0131ndan H\u00e2kimler ve Savc\u0131lar Kurulu (HSK) Genel Kurulu, 8 yeni \u00fcye se\u00e7imi ger\u00e7ekle\u015ftirdi. Yarg\u0131tay\u2019da g\u00f6rev s\u00fcreleri dolan veya ya\u015f haddinden emekliye ayr\u0131lan 16 \u00fcyenin ard\u0131ndan H\u00e2kimler ve Savc\u0131lar Kurulu (HSK) Genel Kurulu, 8 yeni \u00fcye se\u00e7imi ger\u00e7ekle\u015ftirdi.\u00a0Read More<\/p>\n","protected":false},"author":1,"featured_media":23088,"comment_status":"open","ping_status":"open","sticky":false,"template":"","format":"standard","meta":{"footnotes":"","_links_to":"","_links_to_target":""},"categories":[1],"tags":[],"class_list":["post-23087","post","type-post","status-publish","format-standard","has-post-thumbnail","hentry","category-haberler"],"_links":{"self":[{"href":"https:\/\/www.abchukuk.com\/index.php\/wp-json\/wp\/v2\/posts\/23087","targetHints":{"allow":["GET"]}}],"collection":[{"href":"https:\/\/www.abchukuk.com\/index.php\/wp-json\/wp\/v2\/posts"}],"about":[{"href":"https:\/\/www.abchukuk.com\/index.php\/wp-json\/wp\/v2\/types\/post"}],"author":[{"embeddable":true,"href":"https:\/\/www.abchukuk.com\/index.php\/wp-json\/wp\/v2\/users\/1"}],"replies":[{"embeddable":true,"href":"https:\/\/www.abchukuk.com\/index.php\/wp-json\/wp\/v2\/comments?post=23087"}],"version-history":[{"count":0,"href":"https:\/\/www.abchukuk.com\/index.php\/wp-json\/wp\/v2\/posts\/23087\/revisions"}],"wp:featuredmedia":[{"embeddable":true,"href":"https:\/\/www.abchukuk.com\/index.php\/wp-json\/wp\/v2\/media\/23088"}],"wp:attachment":[{"href":"https:\/\/www.abchukuk.com\/index.php\/wp-json\/wp\/v2\/media?parent=23087"}],"wp:term":[{"taxonomy":"category","embeddable":true,"href":"https:\/\/www.abchukuk.com\/index.php\/wp-json\/wp\/v2\/categories?post=23087"},{"taxonomy":"post_tag","embeddable":true,"href":"https:\/\/www.abchukuk.com\/index.php\/wp-json\/wp\/v2\/tags?post=23087"}],"curies":[{"name":"wp","href":"https:\/\/api.w.org\/{rel}","templated":true}]}}