{"id":23085,"date":"2026-03-13T09:26:18","date_gmt":"2026-03-13T09:26:18","guid":{"rendered":"https:\/\/www.abchukuk.com\/index.php\/2026\/03\/13\/izmir-adliyesinde-yasa-disi-bahis-ve-kumar-suclariyla-mucadele-toplantisi\/"},"modified":"2026-03-13T09:26:18","modified_gmt":"2026-03-13T09:26:18","slug":"izmir-adliyesinde-yasa-disi-bahis-ve-kumar-suclariyla-mucadele-toplantisi","status":"publish","type":"post","link":"https:\/\/www.abchukuk.com\/index.php\/2026\/03\/13\/izmir-adliyesinde-yasa-disi-bahis-ve-kumar-suclariyla-mucadele-toplantisi\/","title":{"rendered":"\u0130zmir Adliyesi\u2019nde \u201cYasa D\u0131\u015f\u0131 Bahis ve Kumar Su\u00e7lar\u0131yla M\u00fccadele\u201d toplant\u0131s\u0131"},"content":{"rendered":"<p>Adalet Bakanl\u0131\u011f\u0131 taraf\u0131ndan Cumhuriyet Ba\u015fsavc\u0131l\u0131klar\u0131na g\u00f6nderilen resmi yaz\u0131 do\u011frultusunda ger\u00e7ekle\u015ftirilen \u201cYasa D\u0131\u015f\u0131 Bahis ve Kumar Su\u00e7lar\u0131 Bilgilendirme ve Koordinasyon\u201d toplant\u0131s\u0131, \u0130zmir Cumhuriyet Ba\u015fsavc\u0131s\u0131 Ali Yeldan ba\u015fkanl\u0131\u011f\u0131nda \u0130zmir Adliyesi \u015eehit Fethi Sekin Konferans Salonunda ger\u00e7ekle\u015ftirildi. Toplant\u0131ya Cumhuriyet Ba\u015fsavc\u0131vekilleri Muvaffak Me\u015fe, Aydo\u011fan Sansak, Orhan Bi\u00e7icio\u011flu, \u00d6mer Do\u011fru\u00f6z, Mehmet Alyaprak, \u00c7a\u011flar Erta\u015f, Mesuthan \u00d6zdemir, G\u00fcltekin Topsakal, Necati Kayak\u00f6z\u00fc, Tuncay \u00c7elik ve Mehmet Nadir Ya\u011fc\u0131\u2019n\u0131n yan\u0131 s\u0131ra Cumhuriyet savc\u0131lar\u0131 kat\u0131ld\u0131. Ayr\u0131ca toplant\u0131ya; Ye\u015filay \u0130zmir \u015eube Ba\u015fkan\u0131 \u00d6mer Yah\u015fi, \u0130zmir \u0130l Emniyet M\u00fcd\u00fcr Yard\u0131mc\u0131s\u0131 Halil Telli ve \u0130zmir \u0130l Jandarma Komutan Yard\u0131mc\u0131s\u0131 Mete Barakiz de i\u015ftirak etti.<\/p>\n<p><a href=\"https:\/\/www.son.tv\/wp-content\/uploads\/2026\/03\/WhatsApp-Image-2026-03-13-at-10.31.26-1.jpeg\"><img fetchpriority=\"high\" decoding=\"async\" class=\"alignnone size-large wp-image-169275\" src=\"https:\/\/www.son.tv\/wp-content\/uploads\/2026\/03\/WhatsApp-Image-2026-03-13-at-10.31.26-1-1024x683.jpeg\" alt=\"\" width=\"1024\" height=\"683\" \/><\/a><\/p>\n<p>KUMAR BA\u011eIMLILI\u011eI SUNUMU \u0130LE BA\u015eLADI<\/p>\n<p>Program, Ye\u015filay \u0130zmir \u015eubesi\u2019nden Klinik Psikolog Gizem Renkal\u2019\u0131n YEDAM (Ye\u015filay Dan\u0131\u015fmanl\u0131k Merkezi) kapsam\u0131nda haz\u0131rlad\u0131\u011f\u0131 \u201cKumar Ba\u011f\u0131ml\u0131l\u0131\u011f\u0131\u201d konulu sunumuyla ba\u015flad\u0131. Ard\u0131ndan \u0130zmir \u0130l Jandarma Komutan Yard\u0131mc\u0131s\u0131 Mete Barakiz \u201cSiber \u015eube Tan\u0131t\u0131m\u0131 ve \u0130cra Edilen Faaliyetler\u201d ba\u015fl\u0131kl\u0131 bir sunum ger\u00e7ekle\u015ftirdi.<\/p>\n<p><a href=\"https:\/\/www.son.tv\/wp-content\/uploads\/2026\/03\/WhatsApp-Image-2026-03-13-at-10.31.26-2.jpeg\"><img decoding=\"async\" class=\"alignnone size-large wp-image-169277\" src=\"https:\/\/www.son.tv\/wp-content\/uploads\/2026\/03\/WhatsApp-Image-2026-03-13-at-10.31.26-2-1024x683.jpeg\" alt=\"\" width=\"1024\" height=\"683\" \/><\/a><\/p>\n<p>KATILIMCILARA B\u0130LG\u0130 VER\u0130LD\u0130<\/p>\n<p>Toplant\u0131n\u0131n devam\u0131nda, Siber Su\u00e7larla M\u00fccadele \u015eube M\u00fcd\u00fcrl\u00fc\u011f\u00fc Ba\u015fkomiseri \u00d6mer Yu\u015fa Ercan taraf\u0131ndan \u201cYasa D\u0131\u015f\u0131 Bahis ve Kumar\u201d konulu sunum yap\u0131ld\u0131. Cumhuriyet Savc\u0131s\u0131 Merve Bo\u015fnak Tokg\u00f6z ise 7258 Say\u0131l\u0131 Spor M\u00fcsabakalar\u0131na Dayal\u0131 Bahis ve \u015eans Oyunlar\u0131 D\u00fczenlemesi Hakk\u0131nda Kanun kapsam\u0131nda d\u00fczenlenen su\u00e7lar hakk\u0131nda kat\u0131l\u0131mc\u0131lara bilgi verdi.<\/p>\n<p><a href=\"https:\/\/www.son.tv\/wp-content\/uploads\/2026\/03\/WhatsApp-Image-2026-03-13-at-10.31.26-3.jpeg\"><img decoding=\"async\" class=\"alignnone size-large wp-image-169278\" src=\"https:\/\/www.son.tv\/wp-content\/uploads\/2026\/03\/WhatsApp-Image-2026-03-13-at-10.31.26-3-1024x683.jpeg\" alt=\"\" width=\"1024\" height=\"683\" \/><\/a><\/p>\n<p>BA\u015eSAVCI YELDAN: \u201cELEKTRON\u0130K \u00d6DEME KURULU\u015eLARININ KR\u0130PTO VARLIK S\u0130STEMLER\u0130N\u0130N SIKI TAK\u0130B\u0130YLE, FA\u0130LLER\u0130N ANON\u0130M KALMASININ \u00d6N\u00dcNE GE\u00c7\u0130LMES\u0130 HAYAT\u0130 \u00d6NEM TA\u015eIMAKTADIR\u201d<\/p>\n<p>\u0130zmir Cumhuriyet Ba\u015fsavc\u0131s\u0131 Ali Yeldan yapt\u0131\u011f\u0131 a\u00e7\u0131klamada: \u201cYasa d\u0131\u015f\u0131 bahis organizasyonlar\u0131n\u0131n \u00fcst yap\u0131s\u0131na ula\u015fmak i\u00e7in soru\u015fturmalar\u0131n ayr\u0131\u015ft\u0131r\u0131larak h\u0131zland\u0131r\u0131lmas\u0131 ve dijital denetim mekanizmalar\u0131n\u0131n banka standartlar\u0131na getirilmesi \u015fartt\u0131r. Elektronik \u00f6deme kurulu\u015flar\u0131n\u0131n ve kripto varl\u0131k sistemlerinin s\u0131k\u0131 takibiyle, faillerin anonim kalmas\u0131n\u0131n \u00f6n\u00fcne ge\u00e7ilmesi hayati \u00f6nem ta\u015f\u0131maktad\u0131r. Siber su\u00e7larla m\u00fccadelede teknik kapasitemizi art\u0131r\u0131rken , internet \u00fczerinden yap\u0131lan te\u015fvik eylemlerine kar\u015f\u0131 t\u00fcm kurumlarla tam koordinasyon sa\u011flanmal\u0131d\u0131r. \u00d6zellikle gen\u00e7lerimizi korumak ad\u0131na kamu kurumlar\u0131 ve sivil toplum kurulu\u015flar\u0131yla i\u015f birli\u011fi i\u00e7erisinde geni\u015f kapsaml\u0131 fark\u0131ndal\u0131k kampanyalar\u0131 y\u00fcr\u00fct\u00fclmelidir\u201d dedi. Sunumlar\u0131n ard\u0131ndan toplant\u0131, genel de\u011ferlendirme ve soru-cevap b\u00f6l\u00fcm\u00fcyle sona erdi.<\/p>\n<p><a href=\"https:\/\/www.son.tv\/wp-content\/uploads\/2026\/03\/WhatsApp-Image-2026-03-13-at-10.31.27-1.jpeg\"><img loading=\"lazy\" decoding=\"async\" loading=\"lazy\" class=\"alignnone size-large wp-image-169279\" src=\"https:\/\/www.son.tv\/wp-content\/uploads\/2026\/03\/WhatsApp-Image-2026-03-13-at-10.31.27-1-1024x683.jpeg\" alt=\"\" width=\"1024\" height=\"683\" \/><\/a> <a href=\"https:\/\/www.son.tv\/wp-content\/uploads\/2026\/03\/WhatsApp-Image-2026-03-13-at-10.31.27.jpeg\"><img loading=\"lazy\" decoding=\"async\" loading=\"lazy\" class=\"alignnone size-large wp-image-169280\" src=\"https:\/\/www.son.tv\/wp-content\/uploads\/2026\/03\/WhatsApp-Image-2026-03-13-at-10.31.27-1024x683.jpeg\" alt=\"\" width=\"1024\" height=\"683\" \/><\/a> <a href=\"https:\/\/www.son.tv\/wp-content\/uploads\/2026\/03\/WhatsApp-Image-2026-03-13-at-10.31.26-4.jpeg\"><img loading=\"lazy\" decoding=\"async\" loading=\"lazy\" class=\"alignnone size-large wp-image-169281\" src=\"https:\/\/www.son.tv\/wp-content\/uploads\/2026\/03\/WhatsApp-Image-2026-03-13-at-10.31.26-4-1024x683.jpeg\" alt=\"\" width=\"1024\" height=\"683\" \/><\/a><\/p>\n<p>Adalet Bakanl\u0131\u011f\u0131 taraf\u0131ndan Cumhuriyet Ba\u015fsavc\u0131l\u0131klar\u0131na g\u00f6nderilen resmi yaz\u0131 do\u011frultusunda ger\u00e7ekle\u015ftirilen \u201cYasa D\u0131\u015f\u0131 Bahis ve Kumar Su\u00e7lar\u0131 Bilgilendirme ve Koordinasyon\u201d toplant\u0131s\u0131, \u0130zmir Cumhuriyet Ba\u015fsavc\u0131s\u0131 Ali Yeldan ba\u015fkanl\u0131\u011f\u0131nda \u0130zmir Adliyesi \u015eehit Fethi Sekin Konferans Salonunda ger\u00e7ekle\u015ftirildi. Toplant\u0131ya Cumhuriyet Ba\u015fsavc\u0131vekilleri Muvaffak Me\u015fe, Aydo\u011fan Sansak, Orhan Bi\u00e7icio\u011flu, \u00d6mer Do\u011fru\u00f6z, Mehmet Alyaprak, \u00c7a\u011flar Erta\u015f, Mesuthan \u00d6zdemir, G\u00fcltekin Topsakal, Necati Kayak\u00f6z\u00fc,\u00a0<a href=\"https:\/\/www.son.tv\/izmir-adliyesinde-yasa-disi-bahis-ve-kumar-suclariyla-mucadele-toplantisi\/\" target=\"_blank\" class=\"feedzy-rss-link-icon\">Read More<\/a><\/p>","protected":false},"excerpt":{"rendered":"<p>Adalet Bakanl\u0131\u011f\u0131 taraf\u0131ndan Cumhuriyet Ba\u015fsavc\u0131l\u0131klar\u0131na g\u00f6nderilen resmi yaz\u0131 do\u011frultusunda ger\u00e7ekle\u015ftirilen \u201cYasa D\u0131\u015f\u0131 Bahis ve Kumar Su\u00e7lar\u0131 Bilgilendirme ve Koordinasyon\u201d toplant\u0131s\u0131, \u0130zmir Cumhuriyet Ba\u015fsavc\u0131s\u0131 Ali Yeldan ba\u015fkanl\u0131\u011f\u0131nda \u0130zmir Adliyesi \u015eehit Fethi Sekin Konferans Salonunda ger\u00e7ekle\u015ftirildi. Toplant\u0131ya Cumhuriyet Ba\u015fsavc\u0131vekilleri Muvaffak Me\u015fe, Aydo\u011fan Sansak, Orhan Bi\u00e7icio\u011flu, \u00d6mer Do\u011fru\u00f6z, Mehmet Alyaprak, \u00c7a\u011flar Erta\u015f, Mesuthan \u00d6zdemir, G\u00fcltekin Topsakal, Necati Kayak\u00f6z\u00fc, [&hellip;]<\/p>\n","protected":false},"author":1,"featured_media":23086,"comment_status":"open","ping_status":"open","sticky":false,"template":"","format":"standard","meta":{"footnotes":"","_links_to":"","_links_to_target":""},"categories":[1],"tags":[],"class_list":["post-23085","post","type-post","status-publish","format-standard","has-post-thumbnail","hentry","category-haberler"],"_links":{"self":[{"href":"https:\/\/www.abchukuk.com\/index.php\/wp-json\/wp\/v2\/posts\/23085","targetHints":{"allow":["GET"]}}],"collection":[{"href":"https:\/\/www.abchukuk.com\/index.php\/wp-json\/wp\/v2\/posts"}],"about":[{"href":"https:\/\/www.abchukuk.com\/index.php\/wp-json\/wp\/v2\/types\/post"}],"author":[{"embeddable":true,"href":"https:\/\/www.abchukuk.com\/index.php\/wp-json\/wp\/v2\/users\/1"}],"replies":[{"embeddable":true,"href":"https:\/\/www.abchukuk.com\/index.php\/wp-json\/wp\/v2\/comments?post=23085"}],"version-history":[{"count":0,"href":"https:\/\/www.abchukuk.com\/index.php\/wp-json\/wp\/v2\/posts\/23085\/revisions"}],"wp:featuredmedia":[{"embeddable":true,"href":"https:\/\/www.abchukuk.com\/index.php\/wp-json\/wp\/v2\/media\/23086"}],"wp:attachment":[{"href":"https:\/\/www.abchukuk.com\/index.php\/wp-json\/wp\/v2\/media?parent=23085"}],"wp:term":[{"taxonomy":"category","embeddable":true,"href":"https:\/\/www.abchukuk.com\/index.php\/wp-json\/wp\/v2\/categories?post=23085"},{"taxonomy":"post_tag","embeddable":true,"href":"https:\/\/www.abchukuk.com\/index.php\/wp-json\/wp\/v2\/tags?post=23085"}],"curies":[{"name":"wp","href":"https:\/\/api.w.org\/{rel}","templated":true}]}}