{"id":23081,"date":"2026-03-13T09:34:00","date_gmt":"2026-03-13T09:34:00","guid":{"rendered":"https:\/\/www.abchukuk.com\/index.php\/2026\/03\/13\/gozaltina-alinan-kusadasi-belediye-baskani-omer-gunelden-ilk-aciklama-mucadelem-sadece-haksizliga-karsi-degil\/"},"modified":"2026-03-13T09:34:00","modified_gmt":"2026-03-13T09:34:00","slug":"gozaltina-alinan-kusadasi-belediye-baskani-omer-gunelden-ilk-aciklama-mucadelem-sadece-haksizliga-karsi-degil","status":"publish","type":"post","link":"https:\/\/www.abchukuk.com\/index.php\/2026\/03\/13\/gozaltina-alinan-kusadasi-belediye-baskani-omer-gunelden-ilk-aciklama-mucadelem-sadece-haksizliga-karsi-degil\/","title":{"rendered":"G\u00f6zalt\u0131na al\u0131nan Ku\u015fadas\u0131 Belediye Ba\u015fkan\u0131 \u00d6mer G\u00fcnel&#8217;den ilk a\u00e7\u0131klama: &#8216;M\u00fccadelem sadece haks\u0131zl\u0131\u011fa kar\u015f\u0131 de\u011fil&#8230;&#8217;"},"content":{"rendered":"<p>\u0130stanbul Cumhuriyet Ba\u015fsavc\u0131l\u0131\u011f\u0131 taraf\u0131ndan y\u00fcr\u00fct\u00fclen soru\u015fturma kapsam\u0131nda g\u00f6zalt\u0131na al\u0131nan Ku\u015fadas\u0131 Belediye Ba\u015fkan\u0131 \u00d6mer G\u00fcnel, sosyal medya hesab\u0131ndan yapt\u0131\u011f\u0131 a\u00e7\u0131klamada, &#8220;Avukatl\u0131k mesle\u011fine, haks\u0131zl\u0131\u011fa kar\u015f\u0131 adalet duygusuyla ba\u015flad\u0131m. Hayatta insan\u0131n kendini savunmas\u0131 da varm\u0131\u015f. \u015eimdi anl\u0131yorum ki m\u00fccadelem sadece haks\u0131zl\u0131\u011fa kar\u015f\u0131 de\u011fil, k\u00f6t\u00fcl\u00fc\u011fe ve k\u00f6t\u00fcye kar\u015f\u0131 da olacak&#8221; ifadesini kulland\u0131.\u0130stanbul Cumhuriyet Ba\u015fsavc\u0131l\u0131\u011f\u0131 taraf\u0131ndan y\u00fcr\u00fct\u00fclen soru\u015fturma kapsam\u0131nda g\u00f6zalt\u0131na al\u0131nan Ku\u015fadas\u0131 Belediye Ba\u015fkan\u0131 \u00d6mer G\u00fcnel, sosyal medya hesab\u0131ndan yapt\u0131\u011f\u0131 a\u00e7\u0131klamada, &#8220;Avukatl\u0131k mesle\u011fine, haks\u0131zl\u0131\u011fa kar\u015f\u0131 adalet duygusuyla ba\u015flad\u0131m. Hayatta insan\u0131n kendini savunmas\u0131 da varm\u0131\u015f. \u015eimdi anl\u0131yorum ki m\u00fccadelem sadece haks\u0131zl\u0131\u011fa kar\u015f\u0131 de\u011fil, k\u00f6t\u00fcl\u00fc\u011fe ve k\u00f6t\u00fcye kar\u015f\u0131 da olacak&#8221; ifadesini kulland\u0131.\u00a0<a href=\"https:\/\/www.cumhuriyet.com.tr\/siyaset\/gozaltina-alinan-kusadasi-belediye-baskani-omer-gunel-den-ilk-aciklama-mucadelem-sadece-haksizliga-karsi-degil-2486482\" target=\"_blank\" class=\"feedzy-rss-link-icon\">Read More<\/a><\/p>","protected":false},"excerpt":{"rendered":"<p>\u0130stanbul Cumhuriyet Ba\u015fsavc\u0131l\u0131\u011f\u0131 taraf\u0131ndan y\u00fcr\u00fct\u00fclen soru\u015fturma kapsam\u0131nda g\u00f6zalt\u0131na al\u0131nan Ku\u015fadas\u0131 Belediye Ba\u015fkan\u0131 \u00d6mer G\u00fcnel, sosyal medya hesab\u0131ndan yapt\u0131\u011f\u0131 a\u00e7\u0131klamada, &#8220;Avukatl\u0131k mesle\u011fine, haks\u0131zl\u0131\u011fa kar\u015f\u0131 adalet duygusuyla ba\u015flad\u0131m. Hayatta insan\u0131n kendini savunmas\u0131 da varm\u0131\u015f. \u015eimdi anl\u0131yorum ki m\u00fccadelem sadece haks\u0131zl\u0131\u011fa kar\u015f\u0131 de\u011fil, k\u00f6t\u00fcl\u00fc\u011fe ve k\u00f6t\u00fcye kar\u015f\u0131 da olacak&#8221; ifadesini kulland\u0131.\u0130stanbul Cumhuriyet Ba\u015fsavc\u0131l\u0131\u011f\u0131 taraf\u0131ndan y\u00fcr\u00fct\u00fclen soru\u015fturma kapsam\u0131nda g\u00f6zalt\u0131na [&hellip;]<\/p>\n","protected":false},"author":1,"featured_media":23082,"comment_status":"open","ping_status":"open","sticky":false,"template":"","format":"standard","meta":{"footnotes":"","_links_to":"","_links_to_target":""},"categories":[1],"tags":[],"class_list":["post-23081","post","type-post","status-publish","format-standard","has-post-thumbnail","hentry","category-haberler"],"_links":{"self":[{"href":"https:\/\/www.abchukuk.com\/index.php\/wp-json\/wp\/v2\/posts\/23081","targetHints":{"allow":["GET"]}}],"collection":[{"href":"https:\/\/www.abchukuk.com\/index.php\/wp-json\/wp\/v2\/posts"}],"about":[{"href":"https:\/\/www.abchukuk.com\/index.php\/wp-json\/wp\/v2\/types\/post"}],"author":[{"embeddable":true,"href":"https:\/\/www.abchukuk.com\/index.php\/wp-json\/wp\/v2\/users\/1"}],"replies":[{"embeddable":true,"href":"https:\/\/www.abchukuk.com\/index.php\/wp-json\/wp\/v2\/comments?post=23081"}],"version-history":[{"count":0,"href":"https:\/\/www.abchukuk.com\/index.php\/wp-json\/wp\/v2\/posts\/23081\/revisions"}],"wp:featuredmedia":[{"embeddable":true,"href":"https:\/\/www.abchukuk.com\/index.php\/wp-json\/wp\/v2\/media\/23082"}],"wp:attachment":[{"href":"https:\/\/www.abchukuk.com\/index.php\/wp-json\/wp\/v2\/media?parent=23081"}],"wp:term":[{"taxonomy":"category","embeddable":true,"href":"https:\/\/www.abchukuk.com\/index.php\/wp-json\/wp\/v2\/categories?post=23081"},{"taxonomy":"post_tag","embeddable":true,"href":"https:\/\/www.abchukuk.com\/index.php\/wp-json\/wp\/v2\/tags?post=23081"}],"curies":[{"name":"wp","href":"https:\/\/api.w.org\/{rel}","templated":true}]}}