{"id":23078,"date":"2026-03-13T06:51:02","date_gmt":"2026-03-13T06:51:02","guid":{"rendered":"https:\/\/www.abchukuk.com\/index.php\/2026\/03\/13\/kusadasi-belediyesine-operasyon-baskan-omer-gunel-dahil-6-kisi-gozaltina-alindi\/"},"modified":"2026-03-13T06:51:02","modified_gmt":"2026-03-13T06:51:02","slug":"kusadasi-belediyesine-operasyon-baskan-omer-gunel-dahil-6-kisi-gozaltina-alindi","status":"publish","type":"post","link":"https:\/\/www.abchukuk.com\/index.php\/2026\/03\/13\/kusadasi-belediyesine-operasyon-baskan-omer-gunel-dahil-6-kisi-gozaltina-alindi\/","title":{"rendered":"Ku\u015fadas\u0131 Belediyesi&#8217;ne operasyon: Ba\u015fkan \u00d6mer G\u00fcnel dahil 6 ki\u015fi g\u00f6zalt\u0131na al\u0131nd\u0131"},"content":{"rendered":"<p>\u0130stanbul Cumhuriyet Ba\u015fsavc\u0131l\u0131\u011f\u0131&#8217;ndan yap\u0131lan a\u00e7\u0131klamada, Ku\u015fadas\u0131 Belediye Ba\u015fkan\u0131 \u00d6mer G\u00fcnel dahil 6 ki\u015finin &#8216;r\u00fc\u015fvet&#8217; ve &#8216;irtikap&#8217; su\u00e7lamas\u0131yla g\u00f6zalt\u0131na al\u0131nd\u0131\u011f\u0131 belirtildi.\u0130stanbul Cumhuriyet Ba\u015fsavc\u0131l\u0131\u011f\u0131&#8217;ndan yap\u0131lan a\u00e7\u0131klamada, Ku\u015fadas\u0131 Belediye Ba\u015fkan\u0131 \u00d6mer G\u00fcnel dahil 6 ki\u015finin &#8216;r\u00fc\u015fvet&#8217; ve &#8216;irtikap&#8217; su\u00e7lamas\u0131yla g\u00f6zalt\u0131na al\u0131nd\u0131\u011f\u0131 belirtildi.\u00a0<a href=\"http:\/\/tr.euronews.com\/2026\/03\/13\/kusadasi-belediyesine-operasyon-baskan-omer-gunel-dahil-6-kisi-gozaltina-alindi\" target=\"_blank\" class=\"feedzy-rss-link-icon\">Read More<\/a><\/p>","protected":false},"excerpt":{"rendered":"<p>\u0130stanbul Cumhuriyet Ba\u015fsavc\u0131l\u0131\u011f\u0131&#8217;ndan yap\u0131lan a\u00e7\u0131klamada, Ku\u015fadas\u0131 Belediye Ba\u015fkan\u0131 \u00d6mer G\u00fcnel dahil 6 ki\u015finin &#8216;r\u00fc\u015fvet&#8217; ve &#8216;irtikap&#8217; su\u00e7lamas\u0131yla g\u00f6zalt\u0131na al\u0131nd\u0131\u011f\u0131 belirtildi.\u0130stanbul Cumhuriyet Ba\u015fsavc\u0131l\u0131\u011f\u0131&#8217;ndan yap\u0131lan a\u00e7\u0131klamada, Ku\u015fadas\u0131 Belediye Ba\u015fkan\u0131 \u00d6mer G\u00fcnel dahil 6 ki\u015finin &#8216;r\u00fc\u015fvet&#8217; ve &#8216;irtikap&#8217; su\u00e7lamas\u0131yla g\u00f6zalt\u0131na al\u0131nd\u0131\u011f\u0131 belirtildi.\u00a0Read More<\/p>\n","protected":false},"author":1,"featured_media":0,"comment_status":"open","ping_status":"open","sticky":false,"template":"","format":"standard","meta":{"footnotes":"","_links_to":"","_links_to_target":""},"categories":[1],"tags":[],"class_list":["post-23078","post","type-post","status-publish","format-standard","hentry","category-haberler"],"_links":{"self":[{"href":"https:\/\/www.abchukuk.com\/index.php\/wp-json\/wp\/v2\/posts\/23078","targetHints":{"allow":["GET"]}}],"collection":[{"href":"https:\/\/www.abchukuk.com\/index.php\/wp-json\/wp\/v2\/posts"}],"about":[{"href":"https:\/\/www.abchukuk.com\/index.php\/wp-json\/wp\/v2\/types\/post"}],"author":[{"embeddable":true,"href":"https:\/\/www.abchukuk.com\/index.php\/wp-json\/wp\/v2\/users\/1"}],"replies":[{"embeddable":true,"href":"https:\/\/www.abchukuk.com\/index.php\/wp-json\/wp\/v2\/comments?post=23078"}],"version-history":[{"count":0,"href":"https:\/\/www.abchukuk.com\/index.php\/wp-json\/wp\/v2\/posts\/23078\/revisions"}],"wp:attachment":[{"href":"https:\/\/www.abchukuk.com\/index.php\/wp-json\/wp\/v2\/media?parent=23078"}],"wp:term":[{"taxonomy":"category","embeddable":true,"href":"https:\/\/www.abchukuk.com\/index.php\/wp-json\/wp\/v2\/categories?post=23078"},{"taxonomy":"post_tag","embeddable":true,"href":"https:\/\/www.abchukuk.com\/index.php\/wp-json\/wp\/v2\/tags?post=23078"}],"curies":[{"name":"wp","href":"https:\/\/api.w.org\/{rel}","templated":true}]}}