{"id":23077,"date":"2026-03-13T07:05:08","date_gmt":"2026-03-13T07:05:08","guid":{"rendered":"https:\/\/www.abchukuk.com\/index.php\/2026\/03\/13\/gozler-hskda-yargitay-secimi-birazdan-baslayacak\/"},"modified":"2026-03-13T07:05:08","modified_gmt":"2026-03-13T07:05:08","slug":"gozler-hskda-yargitay-secimi-birazdan-baslayacak","status":"publish","type":"post","link":"https:\/\/www.abchukuk.com\/index.php\/2026\/03\/13\/gozler-hskda-yargitay-secimi-birazdan-baslayacak\/","title":{"rendered":"G\u00f6zler HSK\u2019da yarg\u0131tay se\u00e7imi biraz\u2019dan ba\u015flayacak"},"content":{"rendered":"<p>Yarg\u0131tay b\u00fcnyesinde g\u00f6rev s\u00fcrelerini tamamlayan veya ya\u015f haddinden emekliye ayr\u0131lan 16 \u00fcyenin ard\u0131ndan, y\u00fcksek yarg\u0131daki i\u015f y\u00fck\u00fcn\u00fcn aksamamas\u0131 ad\u0131na se\u00e7im s\u00fcreci h\u0131z kazand\u0131.<\/p>\n<p>8 YEN\u0130 \u00dcYE SE\u00c7\u0130LECEK<br \/>\nYasal d\u00fczenlemeler ve Yarg\u0131tay\u2019\u0131n mevcut \u00fcye say\u0131s\u0131ndaki kademeli d\u00fc\u015f\u00fc\u015f plan\u0131 g\u00f6z \u00f6n\u00fcne al\u0131nd\u0131\u011f\u0131nda, bo\u015falan her koltuk i\u00e7in yeni bir atama yap\u0131lm\u0131yor. Ancak kurumun i\u015fleyi\u015fini s\u00fcrd\u00fcrebilmesi i\u00e7in 8 yeni \u00fcyenin se\u00e7ilmesi y\u00f6n\u00fcndeki beklenti yarg\u0131 camias\u0131nda kar\u015f\u0131l\u0131k bulmu\u015f durumda.<\/p>\n<p>HSK ADALET BAKANI G\u00dcRLEK BA\u015eKANLI\u011eINDA TOPLANDI<\/p>\n<p>HSK (Hakimler ve Savc\u0131lar Kurulu) Genel Kurulu\u2019nda, Yarg\u0131tay\u2019a yap\u0131lacak yeni \u00fcye se\u00e7imi i\u00e7in gizli oylama birazdan ba\u015flayacak.\u00a0 Kurul, Adalet Bakan\u0131 Ak\u0131n G\u00fcrlek ba\u015fkanl\u0131\u011f\u0131nda topland\u0131.<\/p>\n<p>HSK (Hakimler ve Savc\u0131lar Kurulu) Genel Kurulu\u2019nda, Yarg\u0131tay\u2019a yap\u0131lacak 8 yeni i\u00e7in gizli oylama birazdan ba\u015flayacak.\u00a0 Kurul, Adalet Bakan\u0131 Ak\u0131n G\u00fcrlek ba\u015fkanl\u0131\u011f\u0131nda topland\u0131.\u00a0<a href=\"https:\/\/www.son.tv\/gozler-hskda-yargitay-secimi-birazdan-baslayacak\/\" target=\"_blank\" class=\"feedzy-rss-link-icon\">Read More<\/a><\/p>","protected":false},"excerpt":{"rendered":"<p>Yarg\u0131tay b\u00fcnyesinde g\u00f6rev s\u00fcrelerini tamamlayan veya ya\u015f haddinden emekliye ayr\u0131lan 16 \u00fcyenin ard\u0131ndan, y\u00fcksek yarg\u0131daki i\u015f y\u00fck\u00fcn\u00fcn aksamamas\u0131 ad\u0131na se\u00e7im s\u00fcreci h\u0131z kazand\u0131. 8 YEN\u0130 \u00dcYE SE\u00c7\u0130LECEK Yasal d\u00fczenlemeler ve Yarg\u0131tay\u2019\u0131n mevcut \u00fcye say\u0131s\u0131ndaki kademeli d\u00fc\u015f\u00fc\u015f plan\u0131 g\u00f6z \u00f6n\u00fcne al\u0131nd\u0131\u011f\u0131nda, bo\u015falan her koltuk i\u00e7in yeni bir atama yap\u0131lm\u0131yor. Ancak kurumun i\u015fleyi\u015fini s\u00fcrd\u00fcrebilmesi i\u00e7in 8 yeni [&hellip;]<\/p>\n","protected":false},"author":1,"featured_media":0,"comment_status":"open","ping_status":"open","sticky":false,"template":"","format":"standard","meta":{"footnotes":"","_links_to":"","_links_to_target":""},"categories":[1],"tags":[],"class_list":["post-23077","post","type-post","status-publish","format-standard","hentry","category-haberler"],"_links":{"self":[{"href":"https:\/\/www.abchukuk.com\/index.php\/wp-json\/wp\/v2\/posts\/23077","targetHints":{"allow":["GET"]}}],"collection":[{"href":"https:\/\/www.abchukuk.com\/index.php\/wp-json\/wp\/v2\/posts"}],"about":[{"href":"https:\/\/www.abchukuk.com\/index.php\/wp-json\/wp\/v2\/types\/post"}],"author":[{"embeddable":true,"href":"https:\/\/www.abchukuk.com\/index.php\/wp-json\/wp\/v2\/users\/1"}],"replies":[{"embeddable":true,"href":"https:\/\/www.abchukuk.com\/index.php\/wp-json\/wp\/v2\/comments?post=23077"}],"version-history":[{"count":0,"href":"https:\/\/www.abchukuk.com\/index.php\/wp-json\/wp\/v2\/posts\/23077\/revisions"}],"wp:attachment":[{"href":"https:\/\/www.abchukuk.com\/index.php\/wp-json\/wp\/v2\/media?parent=23077"}],"wp:term":[{"taxonomy":"category","embeddable":true,"href":"https:\/\/www.abchukuk.com\/index.php\/wp-json\/wp\/v2\/categories?post=23077"},{"taxonomy":"post_tag","embeddable":true,"href":"https:\/\/www.abchukuk.com\/index.php\/wp-json\/wp\/v2\/tags?post=23077"}],"curies":[{"name":"wp","href":"https:\/\/api.w.org\/{rel}","templated":true}]}}