{"id":23075,"date":"2026-03-13T07:09:00","date_gmt":"2026-03-13T07:09:00","guid":{"rendered":"https:\/\/www.abchukuk.com\/index.php\/2026\/03\/13\/ayni-gun-gozaltina-alinmislardi-oktay-kaynarca-ve-emel-muftuoglu-catli-filminin-galasinda-bulustu\/"},"modified":"2026-03-13T07:09:00","modified_gmt":"2026-03-13T07:09:00","slug":"ayni-gun-gozaltina-alinmislardi-oktay-kaynarca-ve-emel-muftuoglu-catli-filminin-galasinda-bulustu","status":"publish","type":"post","link":"https:\/\/www.abchukuk.com\/index.php\/2026\/03\/13\/ayni-gun-gozaltina-alinmislardi-oktay-kaynarca-ve-emel-muftuoglu-catli-filminin-galasinda-bulustu\/","title":{"rendered":"Ayn\u0131 g\u00fcn g\u00f6zalt\u0131na al\u0131nm\u0131\u015flard\u0131: Oktay Kaynarca ve Emel M\u00fcft\u00fco\u011flu &#8216;\u00c7atl\u0131&#8217; filminin galas\u0131nda bulu\u015ftu"},"content":{"rendered":"<p>Abdullah \u00c7atl\u0131\u2019n\u0131n hayat\u0131n\u0131 konu alan \u201c\u00c7atl\u0131\u201d filminin g\u00f6sterimi, Ta\u015fyap\u0131 etkinlik alan\u0131nda d\u00fczenlenen iftar program\u0131yla yap\u0131ld\u0131. Galaya kat\u0131lanlar aras\u0131nda, ayn\u0131 g\u00fcn y\u00fcr\u00fct\u00fclen uyu\u015fturucu soru\u015fturmas\u0131 kapsam\u0131nda g\u00f6zalt\u0131na al\u0131nan Emel M\u00fcft\u00fco\u011flu ve Oktay Kaynarca da yer ald\u0131.Abdullah \u00c7atl\u0131\u2019n\u0131n hayat\u0131n\u0131 konu alan \u201c\u00c7atl\u0131\u201d filminin g\u00f6sterimi, Ta\u015fyap\u0131 etkinlik alan\u0131nda d\u00fczenlenen iftar program\u0131yla yap\u0131ld\u0131. Galaya kat\u0131lanlar aras\u0131nda, ayn\u0131 g\u00fcn y\u00fcr\u00fct\u00fclen uyu\u015fturucu soru\u015fturmas\u0131 kapsam\u0131nda g\u00f6zalt\u0131na al\u0131nan Emel M\u00fcft\u00fco\u011flu ve Oktay Kaynarca da yer ald\u0131.\u00a0<a href=\"https:\/\/www.cumhuriyet.com.tr\/yasam\/ayni-gun-gozaltina-alinmislardi-oktay-kaynarca-ve-emel-muftuoglu-catli-filminin-galasinda-bulustu-2486429\" target=\"_blank\" class=\"feedzy-rss-link-icon\">Read More<\/a><\/p>","protected":false},"excerpt":{"rendered":"<p>Abdullah \u00c7atl\u0131\u2019n\u0131n hayat\u0131n\u0131 konu alan \u201c\u00c7atl\u0131\u201d filminin g\u00f6sterimi, Ta\u015fyap\u0131 etkinlik alan\u0131nda d\u00fczenlenen iftar program\u0131yla yap\u0131ld\u0131. Galaya kat\u0131lanlar aras\u0131nda, ayn\u0131 g\u00fcn y\u00fcr\u00fct\u00fclen uyu\u015fturucu soru\u015fturmas\u0131 kapsam\u0131nda g\u00f6zalt\u0131na al\u0131nan Emel M\u00fcft\u00fco\u011flu ve Oktay Kaynarca da yer ald\u0131.Abdullah \u00c7atl\u0131\u2019n\u0131n hayat\u0131n\u0131 konu alan \u201c\u00c7atl\u0131\u201d filminin g\u00f6sterimi, Ta\u015fyap\u0131 etkinlik alan\u0131nda d\u00fczenlenen iftar program\u0131yla yap\u0131ld\u0131. Galaya kat\u0131lanlar aras\u0131nda, ayn\u0131 g\u00fcn y\u00fcr\u00fct\u00fclen uyu\u015fturucu [&hellip;]<\/p>\n","protected":false},"author":1,"featured_media":23076,"comment_status":"open","ping_status":"open","sticky":false,"template":"","format":"standard","meta":{"footnotes":"","_links_to":"","_links_to_target":""},"categories":[1],"tags":[],"class_list":["post-23075","post","type-post","status-publish","format-standard","has-post-thumbnail","hentry","category-haberler"],"_links":{"self":[{"href":"https:\/\/www.abchukuk.com\/index.php\/wp-json\/wp\/v2\/posts\/23075","targetHints":{"allow":["GET"]}}],"collection":[{"href":"https:\/\/www.abchukuk.com\/index.php\/wp-json\/wp\/v2\/posts"}],"about":[{"href":"https:\/\/www.abchukuk.com\/index.php\/wp-json\/wp\/v2\/types\/post"}],"author":[{"embeddable":true,"href":"https:\/\/www.abchukuk.com\/index.php\/wp-json\/wp\/v2\/users\/1"}],"replies":[{"embeddable":true,"href":"https:\/\/www.abchukuk.com\/index.php\/wp-json\/wp\/v2\/comments?post=23075"}],"version-history":[{"count":0,"href":"https:\/\/www.abchukuk.com\/index.php\/wp-json\/wp\/v2\/posts\/23075\/revisions"}],"wp:featuredmedia":[{"embeddable":true,"href":"https:\/\/www.abchukuk.com\/index.php\/wp-json\/wp\/v2\/media\/23076"}],"wp:attachment":[{"href":"https:\/\/www.abchukuk.com\/index.php\/wp-json\/wp\/v2\/media?parent=23075"}],"wp:term":[{"taxonomy":"category","embeddable":true,"href":"https:\/\/www.abchukuk.com\/index.php\/wp-json\/wp\/v2\/categories?post=23075"},{"taxonomy":"post_tag","embeddable":true,"href":"https:\/\/www.abchukuk.com\/index.php\/wp-json\/wp\/v2\/tags?post=23075"}],"curies":[{"name":"wp","href":"https:\/\/api.w.org\/{rel}","templated":true}]}}